{"id":1582,"date":"2008-10-18T01:00:38","date_gmt":"2008-10-18T05:00:38","guid":{"rendered":"http:\/\/spacingmontreal.ca\/2008\/10\/18\/la-tour-de-trafalgar\/"},"modified":"2013-01-21T11:23:31","modified_gmt":"2013-01-21T16:23:31","slug":"la-tour-de-trafalgar","status":"publish","type":"post","link":"https:\/\/spacing.ca\/montreal\/2008\/10\/18\/la-tour-de-trafalgar\/","title":{"rendered":"La tour de Trafalgar"},"content":{"rendered":"<p style=\"text-align: center\"><img decoding=\"async\" src=\"http:\/\/farm4.static.flickr.com\/3140\/2950781126_100998f24d.jpg?v=0\" alt=\"http:\/\/farm4.static.flickr.com\/3140\/2950781126_100998f24d.jpg?v=0\" \/><\/p>\n<p align=\"center\"><em>La tour en 1926.\u00a0 Source : BANQ, Pistard, P600,S6,D4,P61<\/em><\/p>\n<p>Cette minuscule <a href=\"http:\/\/www.flickr.com\/photos\/guil3433\/2950904812\/\">tour gothique<\/a> dont l&#8217;emplacement ne semble pas figurer sur aucune carte ancienne devait vraisemblablement se trouver quelque part au fond des bois derri\u00e8re le s\u00e9minaire des sulpiciens, du c\u00f4t\u00e9 ouest du boulevard de la c\u00f4te-des-neiges.<\/p>\n<p style=\"text-align: center\">Ce qui est particulier de ce lieu, mis \u00e0 part le fait qu&#8217;il semble impossible de r\u00e9ussir \u00e0 le localiser avec pr\u00e9cision,  est qu&#8217;il a \u00e9t\u00e9 reconnu pendant de nombreuses ann\u00e9es comme \u00e9tant un endroit maudit. Plusieurs personnes ont d&#8217;ailleurs affirm\u00e9s y avoir \u00e9t\u00e9 t\u00e9moins de nombreux ph\u00e9nom\u00e8nes \u00e9tranges.<\/p>\n<p style=\"text-align: center\">Selon <a href=\"http:\/\/legrenierdebibiane.com\/trouvailles\/legendes\/trafalgar\/legende.html\">la l\u00e9gende<\/a>, un jeune couple aurait \u00e9t\u00e9 tu\u00e9 sauvagement en ces lieux la veille de leur mariage par un pr\u00e9tendant jaloux de s&#8217;\u00eatre fait duper par la jeune fille d\u00e9j\u00e0 fianc\u00e9e.<\/p>\n<p style=\"text-align: center\">George Boucher de Boucherville publia d&#8217;ailleurs en 1835 <a href=\"http:\/\/www.ibiblio.org\/beq\/pdf\/boucher2.pdf\">le r\u00e9cit<\/a> de son aventure en ces lieux qu&#8217;il d\u00e9couvrit par hasard alors qu&#8217;il se perdit dans les bois lors d&#8217;un violent orage.<\/p>\n<p style=\"text-align: center\">Apr\u00e8s avoir trouv\u00e9 refuge dans la tour qui \u00e9tait d\u00e9j\u00e0 plut\u00f4t d\u00e9labr\u00e9e, il raconte avoir vu des traces de sang sur les murs, entendu des bruits \u00e9trange semblant provenir de sous la structure et senti une main sur sa gorge voulant l&#8217;\u00e9trangler&#8230;<\/p>\n<p style=\"text-align: center\">En cons\u00e9quent, il est donc bien dommage que ce lieu n&#8217;ait pas surv\u00e9cu car en disparaissant, sa l\u00e9gende, qui fait partie du folklore qu\u00e9b\u00e9cois a malheureusement elle-aussi sombr\u00e9e dans l&#8217;oubli.<\/p>\n","protected":false},"excerpt":{"rendered":"<p>La tour en 1926.\u00a0 Source : BANQ, Pistard, P600,S6,D4,P61 Cette minuscule tour gothique dont l&#8217;emplacement ne semble pas figurer sur aucune carte ancienne devait vraisemblablement se trouver quelque part au fond des bois derri\u00e8re le s\u00e9minaire des sulpiciens, du c\u00f4t\u00e9 ouest du boulevard de la c\u00f4te-des-neiges. Ce qui est particulier de ce lieu, mis \u00e0<a href=\"https:\/\/spacing.ca\/montreal\/2008\/10\/18\/la-tour-de-trafalgar\/\">Continue reading <span class=\"sr-only\">&#8220;La tour de Trafalgar&#8221;<\/span><\/a><\/p>\n","protected":false},"author":5017,"featured_media":0,"comment_status":"open","ping_status":"closed","sticky":false,"template":"","format":"standard","meta":{"_acf_changed":false,"_ef_editorial_meta_paragraph_assignment":"","_ef_editorial_meta_date_first-draft-date":"","_ef_editorial_meta_checkbox_needs-photo":"","_ef_editorial_meta_number_word-count":"","footnotes":""},"categories":[7837,7839],"tags":[66,3163,14],"class_list":["post-1582","post","type-post","status-publish","format-standard","hentry","category-history","category-neighbourhoods","tag-cote-des-neiges","tag-george-boucher-de-boucherville","tag-historical"],"acf":[],"yoast_head":"<!-- This site is optimized with the Yoast SEO plugin v26.5 - https:\/\/yoast.com\/wordpress\/plugins\/seo\/ -->\n<title>La tour de Trafalgar - Spacing Montreal<\/title>\n<meta name=\"robots\" content=\"index, follow, max-snippet:-1, max-image-preview:large, max-video-preview:-1\" \/>\n<link rel=\"canonical\" href=\"https:\/\/spacing.ca\/montreal\/2008\/10\/18\/la-tour-de-trafalgar\/\" \/>\n<meta property=\"og:locale\" content=\"en_US\" \/>\n<meta property=\"og:type\" content=\"article\" \/>\n<meta property=\"og:title\" content=\"La tour de Trafalgar - Spacing Montreal\" \/>\n<meta property=\"og:description\" content=\"La tour en 1926.\u00a0 Source : BANQ, Pistard, P600,S6,D4,P61 Cette minuscule tour gothique dont l&#8217;emplacement ne semble pas figurer sur aucune carte ancienne devait vraisemblablement se trouver quelque part au fond des bois derri\u00e8re le s\u00e9minaire des sulpiciens, du c\u00f4t\u00e9 ouest du boulevard de la c\u00f4te-des-neiges. Ce qui est particulier de ce lieu, mis \u00e0Continue reading &quot;La tour de Trafalgar&quot;\" \/>\n<meta property=\"og:url\" content=\"https:\/\/spacing.ca\/montreal\/2008\/10\/18\/la-tour-de-trafalgar\/\" \/>\n<meta property=\"og:site_name\" content=\"Spacing Montreal\" \/>\n<meta property=\"article:published_time\" content=\"2008-10-18T05:00:38+00:00\" \/>\n<meta property=\"article:modified_time\" content=\"2013-01-21T16:23:31+00:00\" \/>\n<meta property=\"og:image\" content=\"http:\/\/farm4.static.flickr.com\/3140\/2950781126_100998f24d.jpg?v=0\" \/>\n<meta name=\"author\" content=\"Guillaume St-Jean\" \/>\n<meta name=\"twitter:card\" content=\"summary_large_image\" \/>\n<meta name=\"twitter:creator\" content=\"@Spacing\" \/>\n<meta name=\"twitter:site\" content=\"@Spacing\" \/>\n<meta name=\"twitter:label1\" content=\"Written by\" \/>\n\t<meta name=\"twitter:data1\" content=\"Guillaume St-Jean\" \/>\n\t<meta name=\"twitter:label2\" content=\"Est. reading time\" \/>\n\t<meta name=\"twitter:data2\" content=\"1 minute\" \/>\n<script type=\"application\/ld+json\" class=\"yoast-schema-graph\">{\"@context\":\"https:\/\/schema.org\",\"@graph\":[{\"@type\":\"WebPage\",\"@id\":\"https:\/\/spacing.ca\/montreal\/2008\/10\/18\/la-tour-de-trafalgar\/\",\"url\":\"https:\/\/spacing.ca\/montreal\/2008\/10\/18\/la-tour-de-trafalgar\/\",\"name\":\"La tour de Trafalgar - Spacing Montreal\",\"isPartOf\":{\"@id\":\"https:\/\/spacing.ca\/montreal\/#website\"},\"primaryImageOfPage\":{\"@id\":\"https:\/\/spacing.ca\/montreal\/2008\/10\/18\/la-tour-de-trafalgar\/#primaryimage\"},\"image\":{\"@id\":\"https:\/\/spacing.ca\/montreal\/2008\/10\/18\/la-tour-de-trafalgar\/#primaryimage\"},\"thumbnailUrl\":\"http:\/\/farm4.static.flickr.com\/3140\/2950781126_100998f24d.jpg?v=0\",\"datePublished\":\"2008-10-18T05:00:38+00:00\",\"dateModified\":\"2013-01-21T16:23:31+00:00\",\"author\":{\"@id\":\"https:\/\/spacing.ca\/montreal\/#\/schema\/person\/5f0465c1492eb1b0084d0ee632d350fd\"},\"breadcrumb\":{\"@id\":\"https:\/\/spacing.ca\/montreal\/2008\/10\/18\/la-tour-de-trafalgar\/#breadcrumb\"},\"inLanguage\":\"en-US\",\"potentialAction\":[{\"@type\":\"ReadAction\",\"target\":[\"https:\/\/spacing.ca\/montreal\/2008\/10\/18\/la-tour-de-trafalgar\/\"]}]},{\"@type\":\"ImageObject\",\"inLanguage\":\"en-US\",\"@id\":\"https:\/\/spacing.ca\/montreal\/2008\/10\/18\/la-tour-de-trafalgar\/#primaryimage\",\"url\":\"http:\/\/farm4.static.flickr.com\/3140\/2950781126_100998f24d.jpg?v=0\",\"contentUrl\":\"http:\/\/farm4.static.flickr.com\/3140\/2950781126_100998f24d.jpg?v=0\"},{\"@type\":\"BreadcrumbList\",\"@id\":\"https:\/\/spacing.ca\/montreal\/2008\/10\/18\/la-tour-de-trafalgar\/#breadcrumb\",\"itemListElement\":[{\"@type\":\"ListItem\",\"position\":1,\"name\":\"Home\",\"item\":\"https:\/\/spacing.ca\/montreal\/\"},{\"@type\":\"ListItem\",\"position\":2,\"name\":\"La tour de Trafalgar\"}]},{\"@type\":\"WebSite\",\"@id\":\"https:\/\/spacing.ca\/montreal\/#website\",\"url\":\"https:\/\/spacing.ca\/montreal\/\",\"name\":\"Spacing Montreal\",\"description\":\"Canadian Urbanism Uncovered  |  Montreal Architecture, Urban Design, Public Transit, City Hall, Parks, Walking, Bikes, Streetscape, History, Waterfront, Maps, Public Spaces\",\"potentialAction\":[{\"@type\":\"SearchAction\",\"target\":{\"@type\":\"EntryPoint\",\"urlTemplate\":\"https:\/\/spacing.ca\/montreal\/?s={search_term_string}\"},\"query-input\":{\"@type\":\"PropertyValueSpecification\",\"valueRequired\":true,\"valueName\":\"search_term_string\"}}],\"inLanguage\":\"en-US\"},{\"@type\":\"Person\",\"@id\":\"https:\/\/spacing.ca\/montreal\/#\/schema\/person\/5f0465c1492eb1b0084d0ee632d350fd\",\"name\":\"Guillaume St-Jean\",\"image\":{\"@type\":\"ImageObject\",\"inLanguage\":\"en-US\",\"@id\":\"https:\/\/spacing.ca\/montreal\/#\/schema\/person\/image\/\",\"url\":\"https:\/\/secure.gravatar.com\/avatar\/f285058328a9d842b36deb2199167033?s=96&d=mm&r=g\",\"contentUrl\":\"https:\/\/secure.gravatar.com\/avatar\/f285058328a9d842b36deb2199167033?s=96&d=mm&r=g\",\"caption\":\"Guillaume St-Jean\"},\"description\":\"Guillaume St-Jean a une formation en urbanisme et en conservation du patrimoine. Il s\u2019int\u00e9resse \u00e0 l\u2019histoire et \u00e0 l\u2019architecture de la ville de Montr\u00e9al et documente \u00e0 l\u2019aide de la photographie le visage changeant du paysage urbain.\",\"sameAs\":[\"https:\/\/spacing.ca\/montreal\"],\"url\":\"https:\/\/spacing.ca\/montreal\/author\/guillaume\/\"}]}<\/script>\n<!-- \/ Yoast SEO plugin. -->","yoast_head_json":{"title":"La tour de Trafalgar - Spacing Montreal","robots":{"index":"index","follow":"follow","max-snippet":"max-snippet:-1","max-image-preview":"max-image-preview:large","max-video-preview":"max-video-preview:-1"},"canonical":"https:\/\/spacing.ca\/montreal\/2008\/10\/18\/la-tour-de-trafalgar\/","og_locale":"en_US","og_type":"article","og_title":"La tour de Trafalgar - Spacing Montreal","og_description":"La tour en 1926.\u00a0 Source : BANQ, Pistard, P600,S6,D4,P61 Cette minuscule tour gothique dont l&#8217;emplacement ne semble pas figurer sur aucune carte ancienne devait vraisemblablement se trouver quelque part au fond des bois derri\u00e8re le s\u00e9minaire des sulpiciens, du c\u00f4t\u00e9 ouest du boulevard de la c\u00f4te-des-neiges. Ce qui est particulier de ce lieu, mis \u00e0Continue reading \"La tour de Trafalgar\"","og_url":"https:\/\/spacing.ca\/montreal\/2008\/10\/18\/la-tour-de-trafalgar\/","og_site_name":"Spacing Montreal","article_published_time":"2008-10-18T05:00:38+00:00","article_modified_time":"2013-01-21T16:23:31+00:00","og_image":[{"url":"http:\/\/farm4.static.flickr.com\/3140\/2950781126_100998f24d.jpg?v=0","type":"","width":"","height":""}],"author":"Guillaume St-Jean","twitter_card":"summary_large_image","twitter_creator":"@Spacing","twitter_site":"@Spacing","twitter_misc":{"Written by":"Guillaume St-Jean","Est. reading time":"1 minute"},"schema":{"@context":"https:\/\/schema.org","@graph":[{"@type":"WebPage","@id":"https:\/\/spacing.ca\/montreal\/2008\/10\/18\/la-tour-de-trafalgar\/","url":"https:\/\/spacing.ca\/montreal\/2008\/10\/18\/la-tour-de-trafalgar\/","name":"La tour de Trafalgar - Spacing Montreal","isPartOf":{"@id":"https:\/\/spacing.ca\/montreal\/#website"},"primaryImageOfPage":{"@id":"https:\/\/spacing.ca\/montreal\/2008\/10\/18\/la-tour-de-trafalgar\/#primaryimage"},"image":{"@id":"https:\/\/spacing.ca\/montreal\/2008\/10\/18\/la-tour-de-trafalgar\/#primaryimage"},"thumbnailUrl":"http:\/\/farm4.static.flickr.com\/3140\/2950781126_100998f24d.jpg?v=0","datePublished":"2008-10-18T05:00:38+00:00","dateModified":"2013-01-21T16:23:31+00:00","author":{"@id":"https:\/\/spacing.ca\/montreal\/#\/schema\/person\/5f0465c1492eb1b0084d0ee632d350fd"},"breadcrumb":{"@id":"https:\/\/spacing.ca\/montreal\/2008\/10\/18\/la-tour-de-trafalgar\/#breadcrumb"},"inLanguage":"en-US","potentialAction":[{"@type":"ReadAction","target":["https:\/\/spacing.ca\/montreal\/2008\/10\/18\/la-tour-de-trafalgar\/"]}]},{"@type":"ImageObject","inLanguage":"en-US","@id":"https:\/\/spacing.ca\/montreal\/2008\/10\/18\/la-tour-de-trafalgar\/#primaryimage","url":"http:\/\/farm4.static.flickr.com\/3140\/2950781126_100998f24d.jpg?v=0","contentUrl":"http:\/\/farm4.static.flickr.com\/3140\/2950781126_100998f24d.jpg?v=0"},{"@type":"BreadcrumbList","@id":"https:\/\/spacing.ca\/montreal\/2008\/10\/18\/la-tour-de-trafalgar\/#breadcrumb","itemListElement":[{"@type":"ListItem","position":1,"name":"Home","item":"https:\/\/spacing.ca\/montreal\/"},{"@type":"ListItem","position":2,"name":"La tour de Trafalgar"}]},{"@type":"WebSite","@id":"https:\/\/spacing.ca\/montreal\/#website","url":"https:\/\/spacing.ca\/montreal\/","name":"Spacing Montreal","description":"Canadian Urbanism Uncovered  |  Montreal Architecture, Urban Design, Public Transit, City Hall, Parks, Walking, Bikes, Streetscape, History, Waterfront, Maps, Public Spaces","potentialAction":[{"@type":"SearchAction","target":{"@type":"EntryPoint","urlTemplate":"https:\/\/spacing.ca\/montreal\/?s={search_term_string}"},"query-input":{"@type":"PropertyValueSpecification","valueRequired":true,"valueName":"search_term_string"}}],"inLanguage":"en-US"},{"@type":"Person","@id":"https:\/\/spacing.ca\/montreal\/#\/schema\/person\/5f0465c1492eb1b0084d0ee632d350fd","name":"Guillaume St-Jean","image":{"@type":"ImageObject","inLanguage":"en-US","@id":"https:\/\/spacing.ca\/montreal\/#\/schema\/person\/image\/","url":"https:\/\/secure.gravatar.com\/avatar\/f285058328a9d842b36deb2199167033?s=96&d=mm&r=g","contentUrl":"https:\/\/secure.gravatar.com\/avatar\/f285058328a9d842b36deb2199167033?s=96&d=mm&r=g","caption":"Guillaume St-Jean"},"description":"Guillaume St-Jean a une formation en urbanisme et en conservation du patrimoine. Il s\u2019int\u00e9resse \u00e0 l\u2019histoire et \u00e0 l\u2019architecture de la ville de Montr\u00e9al et documente \u00e0 l\u2019aide de la photographie le visage changeant du paysage urbain.","sameAs":["https:\/\/spacing.ca\/montreal"],"url":"https:\/\/spacing.ca\/montreal\/author\/guillaume\/"}]}},"_links":{"self":[{"href":"https:\/\/spacing.ca\/montreal\/wp-json\/wp\/v2\/posts\/1582","targetHints":{"allow":["GET"]}}],"collection":[{"href":"https:\/\/spacing.ca\/montreal\/wp-json\/wp\/v2\/posts"}],"about":[{"href":"https:\/\/spacing.ca\/montreal\/wp-json\/wp\/v2\/types\/post"}],"author":[{"embeddable":true,"href":"https:\/\/spacing.ca\/montreal\/wp-json\/wp\/v2\/users\/5017"}],"replies":[{"embeddable":true,"href":"https:\/\/spacing.ca\/montreal\/wp-json\/wp\/v2\/comments?post=1582"}],"version-history":[{"count":4,"href":"https:\/\/spacing.ca\/montreal\/wp-json\/wp\/v2\/posts\/1582\/revisions"}],"predecessor-version":[{"id":18540,"href":"https:\/\/spacing.ca\/montreal\/wp-json\/wp\/v2\/posts\/1582\/revisions\/18540"}],"wp:attachment":[{"href":"https:\/\/spacing.ca\/montreal\/wp-json\/wp\/v2\/media?parent=1582"}],"wp:term":[{"taxonomy":"category","embeddable":true,"href":"https:\/\/spacing.ca\/montreal\/wp-json\/wp\/v2\/categories?post=1582"},{"taxonomy":"post_tag","embeddable":true,"href":"https:\/\/spacing.ca\/montreal\/wp-json\/wp\/v2\/tags?post=1582"}],"curies":[{"name":"wp","href":"https:\/\/api.w.org\/{rel}","templated":true}]}}