{"id":1804,"date":"2008-12-09T16:56:39","date_gmt":"2008-12-09T21:56:39","guid":{"rendered":"http:\/\/spacingmontreal.ca\/2008\/12\/09\/le-mardi-des-arbres-le-fevier-qui-frise-et-pique\/"},"modified":"2013-01-21T12:01:29","modified_gmt":"2013-01-21T17:01:29","slug":"le-mardi-des-arbres-le-fevier-qui-frise-et-pique","status":"publish","type":"post","link":"https:\/\/spacing.ca\/montreal\/2008\/12\/09\/le-mardi-des-arbres-le-fevier-qui-frise-et-pique\/","title":{"rendered":"Le mardi des arbres: Le f\u00e9vier qui frise et pique"},"content":{"rendered":"<p><img decoding=\"async\" src=\"http:\/\/spacing.ca\/network\/wp-content\/uploads\/sites\/5\/2008\/12\/honey-locust.jpg\" \/><\/p>\n<p>C&#8217;est dur \u00e0 croire que cet arbre, si distingu\u00e9 en hiver par ses longues gousses fris\u00e9es qui cr\u00e9pitent dans le vent, soit le m\u00eame arbre si d\u00e9licat au printemps et en \u00e9t\u00e9 avec ses maintes petites folioles ovales qui tournent en or \u00e0 l&#8217;automne et couvre les trottoirs d&#8217;une poussi\u00e8re dor\u00e9e. Mais le f\u00e9vier \u00e9pineux (honey locust,<em> Gleditsia triacanthos) <\/em>est un arbre trompeur.\u00a0 Arbre f\u00e9tiche de ville, bien aim\u00e9 pour son ombre l\u00e9g\u00e8re, sa rapidit\u00e9 de croissance, et sa tol\u00e9rance au sel et au sol compact\u00e9, il compte parmi les &#8220;top 10&#8221; des arbres plant\u00e9s par la Ville de Montr\u00e9al. Une plantation particuli\u00e8rement bien r\u00e9ussie du point de vue esth\u00e9tique se trouve des deux cot\u00e9s de la rue Papineau en montant vers le boulevard Henri-Bourassa. Grands et \u00e9l\u00e9gants, la canop\u00e9e des deux alignements se touchent presqu&#8217;au milieu de cette grande art\u00e8re.<\/p>\n<p>Alors, malgr\u00e9 ses apparences d\u00e9licates, ce f\u00e9vier est r\u00e9sistant. Et, en contraste avec la d\u00e9licatesse de ses feuilles, ses fruits sont imposants, longs, fris\u00e9s et coriaces. Une belle d\u00e9coration pendant la saison des grands cieux. Un instrument \u00e9nergique de percussion \u00e0 \u00e9couter pendant la saison des grands silences. Et, de la nourriture pour les animaux pendant la saison des grandes p\u00e9nuries.<\/p>\n<p>\u00c9trangement, cet arbre si bien adapt\u00e9 aux conditions d&#8217;une ville du nord-est du continent n&#8217;est pas indig\u00e8ne du\u00a0 Qu\u00e9bec. Dans son habitat naturel, il occupe la for\u00eat Carolinienne, surtout au sud des Grands lacs, dans les \u00e9tats de New York, Ohio et Pennsylvanie et les Carolines, mais il en existe quelques-uns de la for\u00eat de l&#8217;extr\u00eame sud-ouest de l&#8217;Ontario.<\/p>\n<p>Il faut que je pr\u00e9cise ici que le f\u00e9vier \u00e9pineux n&#8217;est pas un arbre de l&#8217;int\u00e9rieur de la for\u00eat \u00e9tant donn\u00e9 son intol\u00e9rance \u00e0 l&#8217;ombre, mais un arbre des marges de la for\u00eat. Ce qui explique en partie son autre trait \u00e9tonnant, ses \u00e9pines. Comme son nom l&#8217;indique, f\u00e9vier <em>\u00e9pineux,<\/em> la plupart des arbres de cette esp\u00e8ce, \u00e0 l&#8217;\u00e9tat sauvage son couverts d&#8217;\u00e9pines de sept centim\u00e8tres de longueurs et suffisamment piquantes et rigides pour avoir \u00e9t\u00e9 utilis\u00e9es en tant que clous par les premiers colons. Regardez-les sur ce sp\u00e9cimen qui se trouve sur la rue Universit\u00e9, entre les rues Milton et Prince Arthur. Ce n&#8217;est pas pour rien que le plupart des f\u00e9viers plant\u00e9s sont des cultivars sans \u00e9pines. On peut bien imaginer les poursuites judiciaires de monde empal\u00e9 par ces arbres armur\u00e9s.<\/p>\n<p><img decoding=\"async\" src=\"http:\/\/spacing.ca\/network\/wp-content\/uploads\/sites\/5\/2008\/12\/honey-locust-spines.jpeg\" \/><\/p>\n<p>Mais, pourquoi toute cette protection? Etant expos\u00e9, \u00e0 l&#8217;ext\u00e9rieur de la for\u00eat, il fallait que le f\u00e9vier se d\u00e9fende des \u00e9normes mammif\u00e8res d&#8217;il y a 10,000 ans, tels que les mammouths, les paresseux g\u00e9ants,etc., qui cherchaient \u00e0 brouter les tendres feuilles ou \u00e0 manger ses gousses si sucr\u00e9es. En fait, la raison pour laquelle son nom en anglais parle du miel, c&#8217;est \u00e0 dire le <em>honey locust<\/em>, s&#8217;explique par le gout mielleux des tissus autour des f\u00e8ves \u00e0 l&#8217;int\u00e9rieur des gousses. Si les mammif\u00e8res g\u00e9ants &#8212; et petits, m\u00eame les \u00e9cureuils sont repouss\u00e9s par les \u00e9pines &#8212;\u00a0 \u00e9taient priv\u00e9s de ce plaisir, le f\u00e9vier favorise par contre les b\u00eates de petits poids, comme les insectes, qui profitent du nectar et pollen sucr\u00e9 de l&#8217;arbre, et des oiseaux qui non seulement trouvent de la nourriture mais \u00e9galement de la protection pour leur nids.<\/p>\n<p>D&#8217;autres endroits o\u00f9 trouver des f\u00e9viers \u00e9pineux, qui sont encore \u00e9pineux, sont le Parc La Fontaine et un coin en face du magasin Home Depot de la rue Beaubien. Je n&#8217;en dis pas plus. \u00c0 vous de d\u00e9couvrir ces anciens parmi nous. Si vous en trouvez sans gousses, il s&#8217;agit d&#8217;un arbre m\u00e2le.<\/p>\n<p>Tristement, \u00e0\u00a0 mon avis, on plante surtout des arbres m\u00e2les pour \u00e9viter d&#8217;avoir des &#8220;d\u00e9g\u00e2ts&#8221; caus\u00e9s par les fruits tomb\u00e9s par terre. Pour moi la question de fruits ou sans fruits dans nos arbres touche la question: Est-ce qu&#8217;un arbre est un \u00eatre vivant qui sert \u00e0 r\u00e9pondre aux besoins vari\u00e9s de plusieurs autres \u00eatres vivants, y compris, \u00e0 sa propre continuit\u00e9? Ou, est-ce que ce n&#8217;est qu&#8217;une d\u00e9coration, un parasol pour nos rues et jardins?<\/p>\n","protected":false},"excerpt":{"rendered":"<p>C&#8217;est dur \u00e0 croire que cet arbre, si distingu\u00e9 en hiver par ses longues gousses fris\u00e9es qui cr\u00e9pitent dans le vent, soit le m\u00eame arbre si d\u00e9licat au printemps et en \u00e9t\u00e9 avec ses maintes petites folioles ovales qui tournent en or \u00e0 l&#8217;automne et couvre les trottoirs d&#8217;une poussi\u00e8re dor\u00e9e. Mais le f\u00e9vier \u00e9pineux<a href=\"https:\/\/spacing.ca\/montreal\/2008\/12\/09\/le-mardi-des-arbres-le-fevier-qui-frise-et-pique\/\">Continue reading <span class=\"sr-only\">&#8220;Le mardi des arbres: Le f\u00e9vier qui frise et pique&#8221;<\/span><\/a><\/p>\n","protected":false},"author":5036,"featured_media":0,"comment_status":"open","ping_status":"closed","sticky":false,"template":"","format":"standard","meta":{"_acf_changed":false,"_ef_editorial_meta_paragraph_assignment":"","_ef_editorial_meta_date_first-draft-date":"","_ef_editorial_meta_checkbox_needs-photo":"","_ef_editorial_meta_number_word-count":"","footnotes":""},"categories":[7835],"tags":[444,3350,3349,2350,125,352,3095,536,3351,292,108],"class_list":["post-1804","post","type-post","status-publish","format-standard","hentry","category-green-space","tag-arthur","tag-foret-carolinienne","tag-grands-lacs","tag-home-depot","tag-montreal","tag-new-york","tag-ohio","tag-ontario","tag-pennsylvanie","tag-quebec","tag-tree-tuesday"],"acf":[],"yoast_head":"<!-- This site is optimized with the Yoast SEO plugin v26.5 - https:\/\/yoast.com\/wordpress\/plugins\/seo\/ -->\n<title>Le mardi des arbres: Le f\u00e9vier qui frise et pique - Spacing Montreal<\/title>\n<meta name=\"robots\" content=\"index, follow, max-snippet:-1, max-image-preview:large, max-video-preview:-1\" \/>\n<link rel=\"canonical\" href=\"https:\/\/spacing.ca\/montreal\/2008\/12\/09\/le-mardi-des-arbres-le-fevier-qui-frise-et-pique\/\" \/>\n<meta property=\"og:locale\" content=\"en_US\" \/>\n<meta property=\"og:type\" content=\"article\" \/>\n<meta property=\"og:title\" content=\"Le mardi des arbres: Le f\u00e9vier qui frise et pique - Spacing Montreal\" \/>\n<meta property=\"og:description\" content=\"C&#8217;est dur \u00e0 croire que cet arbre, si distingu\u00e9 en hiver par ses longues gousses fris\u00e9es qui cr\u00e9pitent dans le vent, soit le m\u00eame arbre si d\u00e9licat au printemps et en \u00e9t\u00e9 avec ses maintes petites folioles ovales qui tournent en or \u00e0 l&#8217;automne et couvre les trottoirs d&#8217;une poussi\u00e8re dor\u00e9e. Mais le f\u00e9vier \u00e9pineuxContinue reading &quot;Le mardi des arbres: Le f\u00e9vier qui frise et pique&quot;\" \/>\n<meta property=\"og:url\" content=\"https:\/\/spacing.ca\/montreal\/2008\/12\/09\/le-mardi-des-arbres-le-fevier-qui-frise-et-pique\/\" \/>\n<meta property=\"og:site_name\" content=\"Spacing Montreal\" \/>\n<meta property=\"article:published_time\" content=\"2008-12-09T21:56:39+00:00\" \/>\n<meta property=\"article:modified_time\" content=\"2013-01-21T17:01:29+00:00\" \/>\n<meta property=\"og:image\" content=\"http:\/\/spacing.ca\/network\/wp-content\/uploads\/sites\/5\/2008\/12\/honey-locust.jpg\" \/>\n<meta name=\"author\" content=\"Bronwyn Chester\" \/>\n<meta name=\"twitter:card\" content=\"summary_large_image\" \/>\n<meta name=\"twitter:creator\" content=\"@Spacing\" \/>\n<meta name=\"twitter:site\" content=\"@Spacing\" \/>\n<meta name=\"twitter:label1\" content=\"Written by\" \/>\n\t<meta name=\"twitter:data1\" content=\"Bronwyn Chester\" \/>\n\t<meta name=\"twitter:label2\" content=\"Est. reading time\" \/>\n\t<meta name=\"twitter:data2\" content=\"4 minutes\" \/>\n<script type=\"application\/ld+json\" class=\"yoast-schema-graph\">{\"@context\":\"https:\/\/schema.org\",\"@graph\":[{\"@type\":\"WebPage\",\"@id\":\"https:\/\/spacing.ca\/montreal\/2008\/12\/09\/le-mardi-des-arbres-le-fevier-qui-frise-et-pique\/\",\"url\":\"https:\/\/spacing.ca\/montreal\/2008\/12\/09\/le-mardi-des-arbres-le-fevier-qui-frise-et-pique\/\",\"name\":\"Le mardi des arbres: Le f\u00e9vier qui frise et pique - Spacing Montreal\",\"isPartOf\":{\"@id\":\"https:\/\/spacing.ca\/montreal\/#website\"},\"primaryImageOfPage\":{\"@id\":\"https:\/\/spacing.ca\/montreal\/2008\/12\/09\/le-mardi-des-arbres-le-fevier-qui-frise-et-pique\/#primaryimage\"},\"image\":{\"@id\":\"https:\/\/spacing.ca\/montreal\/2008\/12\/09\/le-mardi-des-arbres-le-fevier-qui-frise-et-pique\/#primaryimage\"},\"thumbnailUrl\":\"http:\/\/spacing.ca\/network\/wp-content\/uploads\/sites\/5\/2008\/12\/honey-locust.jpg\",\"datePublished\":\"2008-12-09T21:56:39+00:00\",\"dateModified\":\"2013-01-21T17:01:29+00:00\",\"author\":{\"@id\":\"https:\/\/spacing.ca\/montreal\/#\/schema\/person\/3a467594115802cffc3d4c604f33c9a6\"},\"breadcrumb\":{\"@id\":\"https:\/\/spacing.ca\/montreal\/2008\/12\/09\/le-mardi-des-arbres-le-fevier-qui-frise-et-pique\/#breadcrumb\"},\"inLanguage\":\"en-US\",\"potentialAction\":[{\"@type\":\"ReadAction\",\"target\":[\"https:\/\/spacing.ca\/montreal\/2008\/12\/09\/le-mardi-des-arbres-le-fevier-qui-frise-et-pique\/\"]}]},{\"@type\":\"ImageObject\",\"inLanguage\":\"en-US\",\"@id\":\"https:\/\/spacing.ca\/montreal\/2008\/12\/09\/le-mardi-des-arbres-le-fevier-qui-frise-et-pique\/#primaryimage\",\"url\":\"http:\/\/spacing.ca\/network\/wp-content\/uploads\/sites\/5\/2008\/12\/honey-locust.jpg\",\"contentUrl\":\"http:\/\/spacing.ca\/network\/wp-content\/uploads\/sites\/5\/2008\/12\/honey-locust.jpg\"},{\"@type\":\"BreadcrumbList\",\"@id\":\"https:\/\/spacing.ca\/montreal\/2008\/12\/09\/le-mardi-des-arbres-le-fevier-qui-frise-et-pique\/#breadcrumb\",\"itemListElement\":[{\"@type\":\"ListItem\",\"position\":1,\"name\":\"Home\",\"item\":\"https:\/\/spacing.ca\/montreal\/\"},{\"@type\":\"ListItem\",\"position\":2,\"name\":\"Le mardi des arbres: Le f\u00e9vier qui frise et pique\"}]},{\"@type\":\"WebSite\",\"@id\":\"https:\/\/spacing.ca\/montreal\/#website\",\"url\":\"https:\/\/spacing.ca\/montreal\/\",\"name\":\"Spacing Montreal\",\"description\":\"Canadian Urbanism Uncovered  |  Montreal Architecture, Urban Design, Public Transit, City Hall, Parks, Walking, Bikes, Streetscape, History, Waterfront, Maps, Public Spaces\",\"potentialAction\":[{\"@type\":\"SearchAction\",\"target\":{\"@type\":\"EntryPoint\",\"urlTemplate\":\"https:\/\/spacing.ca\/montreal\/?s={search_term_string}\"},\"query-input\":{\"@type\":\"PropertyValueSpecification\",\"valueRequired\":true,\"valueName\":\"search_term_string\"}}],\"inLanguage\":\"en-US\"},{\"@type\":\"Person\",\"@id\":\"https:\/\/spacing.ca\/montreal\/#\/schema\/person\/3a467594115802cffc3d4c604f33c9a6\",\"name\":\"Bronwyn Chester\",\"image\":{\"@type\":\"ImageObject\",\"inLanguage\":\"en-US\",\"@id\":\"https:\/\/spacing.ca\/montreal\/#\/schema\/person\/image\/\",\"url\":\"https:\/\/secure.gravatar.com\/avatar\/a153d571f5a40f0890dfa059202c4942?s=96&d=mm&r=g\",\"contentUrl\":\"https:\/\/secure.gravatar.com\/avatar\/a153d571f5a40f0890dfa059202c4942?s=96&d=mm&r=g\",\"caption\":\"Bronwyn Chester\"},\"sameAs\":[\"http:\/\/foretmontreal.blogspot.com\"],\"url\":\"https:\/\/spacing.ca\/montreal\/author\/bronwyn\/\"}]}<\/script>\n<!-- \/ Yoast SEO plugin. -->","yoast_head_json":{"title":"Le mardi des arbres: Le f\u00e9vier qui frise et pique - Spacing Montreal","robots":{"index":"index","follow":"follow","max-snippet":"max-snippet:-1","max-image-preview":"max-image-preview:large","max-video-preview":"max-video-preview:-1"},"canonical":"https:\/\/spacing.ca\/montreal\/2008\/12\/09\/le-mardi-des-arbres-le-fevier-qui-frise-et-pique\/","og_locale":"en_US","og_type":"article","og_title":"Le mardi des arbres: Le f\u00e9vier qui frise et pique - Spacing Montreal","og_description":"C&#8217;est dur \u00e0 croire que cet arbre, si distingu\u00e9 en hiver par ses longues gousses fris\u00e9es qui cr\u00e9pitent dans le vent, soit le m\u00eame arbre si d\u00e9licat au printemps et en \u00e9t\u00e9 avec ses maintes petites folioles ovales qui tournent en or \u00e0 l&#8217;automne et couvre les trottoirs d&#8217;une poussi\u00e8re dor\u00e9e. Mais le f\u00e9vier \u00e9pineuxContinue reading \"Le mardi des arbres: Le f\u00e9vier qui frise et pique\"","og_url":"https:\/\/spacing.ca\/montreal\/2008\/12\/09\/le-mardi-des-arbres-le-fevier-qui-frise-et-pique\/","og_site_name":"Spacing Montreal","article_published_time":"2008-12-09T21:56:39+00:00","article_modified_time":"2013-01-21T17:01:29+00:00","og_image":[{"url":"http:\/\/spacing.ca\/network\/wp-content\/uploads\/sites\/5\/2008\/12\/honey-locust.jpg","type":"","width":"","height":""}],"author":"Bronwyn Chester","twitter_card":"summary_large_image","twitter_creator":"@Spacing","twitter_site":"@Spacing","twitter_misc":{"Written by":"Bronwyn Chester","Est. reading time":"4 minutes"},"schema":{"@context":"https:\/\/schema.org","@graph":[{"@type":"WebPage","@id":"https:\/\/spacing.ca\/montreal\/2008\/12\/09\/le-mardi-des-arbres-le-fevier-qui-frise-et-pique\/","url":"https:\/\/spacing.ca\/montreal\/2008\/12\/09\/le-mardi-des-arbres-le-fevier-qui-frise-et-pique\/","name":"Le mardi des arbres: Le f\u00e9vier qui frise et pique - Spacing Montreal","isPartOf":{"@id":"https:\/\/spacing.ca\/montreal\/#website"},"primaryImageOfPage":{"@id":"https:\/\/spacing.ca\/montreal\/2008\/12\/09\/le-mardi-des-arbres-le-fevier-qui-frise-et-pique\/#primaryimage"},"image":{"@id":"https:\/\/spacing.ca\/montreal\/2008\/12\/09\/le-mardi-des-arbres-le-fevier-qui-frise-et-pique\/#primaryimage"},"thumbnailUrl":"http:\/\/spacing.ca\/network\/wp-content\/uploads\/sites\/5\/2008\/12\/honey-locust.jpg","datePublished":"2008-12-09T21:56:39+00:00","dateModified":"2013-01-21T17:01:29+00:00","author":{"@id":"https:\/\/spacing.ca\/montreal\/#\/schema\/person\/3a467594115802cffc3d4c604f33c9a6"},"breadcrumb":{"@id":"https:\/\/spacing.ca\/montreal\/2008\/12\/09\/le-mardi-des-arbres-le-fevier-qui-frise-et-pique\/#breadcrumb"},"inLanguage":"en-US","potentialAction":[{"@type":"ReadAction","target":["https:\/\/spacing.ca\/montreal\/2008\/12\/09\/le-mardi-des-arbres-le-fevier-qui-frise-et-pique\/"]}]},{"@type":"ImageObject","inLanguage":"en-US","@id":"https:\/\/spacing.ca\/montreal\/2008\/12\/09\/le-mardi-des-arbres-le-fevier-qui-frise-et-pique\/#primaryimage","url":"http:\/\/spacing.ca\/network\/wp-content\/uploads\/sites\/5\/2008\/12\/honey-locust.jpg","contentUrl":"http:\/\/spacing.ca\/network\/wp-content\/uploads\/sites\/5\/2008\/12\/honey-locust.jpg"},{"@type":"BreadcrumbList","@id":"https:\/\/spacing.ca\/montreal\/2008\/12\/09\/le-mardi-des-arbres-le-fevier-qui-frise-et-pique\/#breadcrumb","itemListElement":[{"@type":"ListItem","position":1,"name":"Home","item":"https:\/\/spacing.ca\/montreal\/"},{"@type":"ListItem","position":2,"name":"Le mardi des arbres: Le f\u00e9vier qui frise et pique"}]},{"@type":"WebSite","@id":"https:\/\/spacing.ca\/montreal\/#website","url":"https:\/\/spacing.ca\/montreal\/","name":"Spacing Montreal","description":"Canadian Urbanism Uncovered  |  Montreal Architecture, Urban Design, Public Transit, City Hall, Parks, Walking, Bikes, Streetscape, History, Waterfront, Maps, Public Spaces","potentialAction":[{"@type":"SearchAction","target":{"@type":"EntryPoint","urlTemplate":"https:\/\/spacing.ca\/montreal\/?s={search_term_string}"},"query-input":{"@type":"PropertyValueSpecification","valueRequired":true,"valueName":"search_term_string"}}],"inLanguage":"en-US"},{"@type":"Person","@id":"https:\/\/spacing.ca\/montreal\/#\/schema\/person\/3a467594115802cffc3d4c604f33c9a6","name":"Bronwyn Chester","image":{"@type":"ImageObject","inLanguage":"en-US","@id":"https:\/\/spacing.ca\/montreal\/#\/schema\/person\/image\/","url":"https:\/\/secure.gravatar.com\/avatar\/a153d571f5a40f0890dfa059202c4942?s=96&d=mm&r=g","contentUrl":"https:\/\/secure.gravatar.com\/avatar\/a153d571f5a40f0890dfa059202c4942?s=96&d=mm&r=g","caption":"Bronwyn Chester"},"sameAs":["http:\/\/foretmontreal.blogspot.com"],"url":"https:\/\/spacing.ca\/montreal\/author\/bronwyn\/"}]}},"_links":{"self":[{"href":"https:\/\/spacing.ca\/montreal\/wp-json\/wp\/v2\/posts\/1804","targetHints":{"allow":["GET"]}}],"collection":[{"href":"https:\/\/spacing.ca\/montreal\/wp-json\/wp\/v2\/posts"}],"about":[{"href":"https:\/\/spacing.ca\/montreal\/wp-json\/wp\/v2\/types\/post"}],"author":[{"embeddable":true,"href":"https:\/\/spacing.ca\/montreal\/wp-json\/wp\/v2\/users\/5036"}],"replies":[{"embeddable":true,"href":"https:\/\/spacing.ca\/montreal\/wp-json\/wp\/v2\/comments?post=1804"}],"version-history":[{"count":1,"href":"https:\/\/spacing.ca\/montreal\/wp-json\/wp\/v2\/posts\/1804\/revisions"}],"predecessor-version":[{"id":21947,"href":"https:\/\/spacing.ca\/montreal\/wp-json\/wp\/v2\/posts\/1804\/revisions\/21947"}],"wp:attachment":[{"href":"https:\/\/spacing.ca\/montreal\/wp-json\/wp\/v2\/media?parent=1804"}],"wp:term":[{"taxonomy":"category","embeddable":true,"href":"https:\/\/spacing.ca\/montreal\/wp-json\/wp\/v2\/categories?post=1804"},{"taxonomy":"post_tag","embeddable":true,"href":"https:\/\/spacing.ca\/montreal\/wp-json\/wp\/v2\/tags?post=1804"}],"curies":[{"name":"wp","href":"https:\/\/api.w.org\/{rel}","templated":true}]}}