{"id":1990,"date":"2009-03-04T00:00:35","date_gmt":"2009-03-04T05:00:35","guid":{"rendered":"http:\/\/spacingmontreal.ca\/2009\/03\/04\/montage-du-jour-la-residence-de-lady-galt-rue-de-la-montagne\/"},"modified":"2013-01-21T11:01:08","modified_gmt":"2013-01-21T16:01:08","slug":"montage-du-jour-la-residence-de-lady-galt-rue-de-la-montagne","status":"publish","type":"post","link":"https:\/\/spacing.ca\/montreal\/2009\/03\/04\/montage-du-jour-la-residence-de-lady-galt-rue-de-la-montagne\/","title":{"rendered":"Montage du jour : La r\u00e9sidence de lady galt, rue de la montagne"},"content":{"rendered":"<p style=\"text-align: center\"><a href=\"http:\/\/www.flickr.com\/photos\/guil3433\/404867598\/\"><img decoding=\"async\" src=\"http:\/\/farm1.static.flickr.com\/177\/404867598_e909fa4774.jpg?v=1231981354\" alt=\"http:\/\/farm1.static.flickr.com\/177\/404867598_e909fa4774.jpg?v=1231981354\" \/><\/a><\/p>\n<p style=\"text-align: center\"><em>1889-2009 <\/em><\/p>\n<p style=\"text-align: center\">Cette r\u00e9sidence construite en 1859, fut transform\u00e9 en <a href=\"https:\/\/spacing.ca\/montreal\/2008\/12\/22\/montage-du-jour-le-salon-funeraire-de-joseph-c-wray-bro\/\">salon fun\u00e9raire<\/a> en 1902\u00a0 et est actuellement connu sous le nom de club 1234.<\/p>\n<p style=\"text-align: center\">Source : Mus\u00e9e McCord<\/p>\n<p style=\"text-align: center\"><a href=\"http:\/\/www.musee-mccord.qc.ca\/fr\/collection\/artefacts\/II-128067&amp;section=196\">http:\/\/www.musee-mccord.qc.ca\/fr\/collection\/artefacts\/II-128067&amp;section=196 <\/a><\/p>\n<p style=\"text-align: center\">II-128067<\/p>\n<p style=\"text-align: center\">\u00a0*** Ma collection photographique touchant \u00e0 sa fin et mes temps libre \u00e9tant actuellement plut\u00f4t limit\u00e9s, je suspendrai donc cette chronique pour une dur\u00e9e ind\u00e9termin\u00e9e d&#8217;ici les prochains jours.<\/p>\n","protected":false},"excerpt":{"rendered":"<p>1889-2009 Cette r\u00e9sidence construite en 1859, fut transform\u00e9 en salon fun\u00e9raire en 1902\u00a0 et est actuellement connu sous le nom de club 1234. Source : Mus\u00e9e McCord http:\/\/www.musee-mccord.qc.ca\/fr\/collection\/artefacts\/II-128067&amp;section=196 II-128067 \u00a0*** Ma collection photographique touchant \u00e0 sa fin et mes temps libre \u00e9tant actuellement plut\u00f4t limit\u00e9s, je suspendrai donc cette chronique pour une dur\u00e9e ind\u00e9termin\u00e9e d&#8217;ici<a href=\"https:\/\/spacing.ca\/montreal\/2009\/03\/04\/montage-du-jour-la-residence-de-lady-galt-rue-de-la-montagne\/\">Continue reading <span class=\"sr-only\">&#8220;Montage du jour : La r\u00e9sidence de lady galt, rue de la montagne&#8221;<\/span><\/a><\/p>\n","protected":false},"author":5017,"featured_media":0,"comment_status":"open","ping_status":"closed","sticky":false,"template":"","format":"standard","meta":{"_acf_changed":false,"_ef_editorial_meta_paragraph_assignment":"","_ef_editorial_meta_date_first-draft-date":"","_ef_editorial_meta_checkbox_needs-photo":"","_ef_editorial_meta_number_word-count":"","footnotes":""},"categories":[7834],"tags":[101],"class_list":["post-1990","post","type-post","status-publish","format-standard","hentry","category-features","tag-avant-apres"],"acf":[],"yoast_head":"<!-- This site is optimized with the Yoast SEO plugin v26.5 - https:\/\/yoast.com\/wordpress\/plugins\/seo\/ -->\n<title>Montage du jour : La r\u00e9sidence de lady galt, rue de la montagne - Spacing Montreal<\/title>\n<meta name=\"robots\" content=\"index, follow, max-snippet:-1, max-image-preview:large, max-video-preview:-1\" \/>\n<link rel=\"canonical\" href=\"https:\/\/spacing.ca\/montreal\/2009\/03\/04\/montage-du-jour-la-residence-de-lady-galt-rue-de-la-montagne\/\" \/>\n<meta property=\"og:locale\" content=\"en_US\" \/>\n<meta property=\"og:type\" content=\"article\" \/>\n<meta property=\"og:title\" content=\"Montage du jour : La r\u00e9sidence de lady galt, rue de la montagne - Spacing Montreal\" \/>\n<meta property=\"og:description\" content=\"1889-2009 Cette r\u00e9sidence construite en 1859, fut transform\u00e9 en salon fun\u00e9raire en 1902\u00a0 et est actuellement connu sous le nom de club 1234. Source : Mus\u00e9e McCord http:\/\/www.musee-mccord.qc.ca\/fr\/collection\/artefacts\/II-128067&amp;section=196 II-128067 \u00a0*** Ma collection photographique touchant \u00e0 sa fin et mes temps libre \u00e9tant actuellement plut\u00f4t limit\u00e9s, je suspendrai donc cette chronique pour une dur\u00e9e ind\u00e9termin\u00e9e d&#8217;iciContinue reading &quot;Montage du jour : La r\u00e9sidence de lady galt, rue de la montagne&quot;\" \/>\n<meta property=\"og:url\" content=\"https:\/\/spacing.ca\/montreal\/2009\/03\/04\/montage-du-jour-la-residence-de-lady-galt-rue-de-la-montagne\/\" \/>\n<meta property=\"og:site_name\" content=\"Spacing Montreal\" \/>\n<meta property=\"article:published_time\" content=\"2009-03-04T05:00:35+00:00\" \/>\n<meta property=\"article:modified_time\" content=\"2013-01-21T16:01:08+00:00\" \/>\n<meta property=\"og:image\" content=\"http:\/\/farm1.static.flickr.com\/177\/404867598_e909fa4774.jpg?v=1231981354\" \/>\n<meta name=\"author\" content=\"Guillaume St-Jean\" \/>\n<meta name=\"twitter:card\" content=\"summary_large_image\" \/>\n<meta name=\"twitter:creator\" content=\"@Spacing\" \/>\n<meta name=\"twitter:site\" content=\"@Spacing\" \/>\n<meta name=\"twitter:label1\" content=\"Written by\" \/>\n\t<meta name=\"twitter:data1\" content=\"Guillaume St-Jean\" \/>\n<script type=\"application\/ld+json\" class=\"yoast-schema-graph\">{\"@context\":\"https:\/\/schema.org\",\"@graph\":[{\"@type\":\"WebPage\",\"@id\":\"https:\/\/spacing.ca\/montreal\/2009\/03\/04\/montage-du-jour-la-residence-de-lady-galt-rue-de-la-montagne\/\",\"url\":\"https:\/\/spacing.ca\/montreal\/2009\/03\/04\/montage-du-jour-la-residence-de-lady-galt-rue-de-la-montagne\/\",\"name\":\"Montage du jour : La r\u00e9sidence de lady galt, rue de la montagne - Spacing Montreal\",\"isPartOf\":{\"@id\":\"https:\/\/spacing.ca\/montreal\/#website\"},\"primaryImageOfPage\":{\"@id\":\"https:\/\/spacing.ca\/montreal\/2009\/03\/04\/montage-du-jour-la-residence-de-lady-galt-rue-de-la-montagne\/#primaryimage\"},\"image\":{\"@id\":\"https:\/\/spacing.ca\/montreal\/2009\/03\/04\/montage-du-jour-la-residence-de-lady-galt-rue-de-la-montagne\/#primaryimage\"},\"thumbnailUrl\":\"http:\/\/farm1.static.flickr.com\/177\/404867598_e909fa4774.jpg?v=1231981354\",\"datePublished\":\"2009-03-04T05:00:35+00:00\",\"dateModified\":\"2013-01-21T16:01:08+00:00\",\"author\":{\"@id\":\"https:\/\/spacing.ca\/montreal\/#\/schema\/person\/5f0465c1492eb1b0084d0ee632d350fd\"},\"breadcrumb\":{\"@id\":\"https:\/\/spacing.ca\/montreal\/2009\/03\/04\/montage-du-jour-la-residence-de-lady-galt-rue-de-la-montagne\/#breadcrumb\"},\"inLanguage\":\"en-US\",\"potentialAction\":[{\"@type\":\"ReadAction\",\"target\":[\"https:\/\/spacing.ca\/montreal\/2009\/03\/04\/montage-du-jour-la-residence-de-lady-galt-rue-de-la-montagne\/\"]}]},{\"@type\":\"ImageObject\",\"inLanguage\":\"en-US\",\"@id\":\"https:\/\/spacing.ca\/montreal\/2009\/03\/04\/montage-du-jour-la-residence-de-lady-galt-rue-de-la-montagne\/#primaryimage\",\"url\":\"http:\/\/farm1.static.flickr.com\/177\/404867598_e909fa4774.jpg?v=1231981354\",\"contentUrl\":\"http:\/\/farm1.static.flickr.com\/177\/404867598_e909fa4774.jpg?v=1231981354\"},{\"@type\":\"BreadcrumbList\",\"@id\":\"https:\/\/spacing.ca\/montreal\/2009\/03\/04\/montage-du-jour-la-residence-de-lady-galt-rue-de-la-montagne\/#breadcrumb\",\"itemListElement\":[{\"@type\":\"ListItem\",\"position\":1,\"name\":\"Home\",\"item\":\"https:\/\/spacing.ca\/montreal\/\"},{\"@type\":\"ListItem\",\"position\":2,\"name\":\"Montage du jour : La r\u00e9sidence de lady galt, rue de la montagne\"}]},{\"@type\":\"WebSite\",\"@id\":\"https:\/\/spacing.ca\/montreal\/#website\",\"url\":\"https:\/\/spacing.ca\/montreal\/\",\"name\":\"Spacing Montreal\",\"description\":\"Canadian Urbanism Uncovered  |  Montreal Architecture, Urban Design, Public Transit, City Hall, Parks, Walking, Bikes, Streetscape, History, Waterfront, Maps, Public Spaces\",\"potentialAction\":[{\"@type\":\"SearchAction\",\"target\":{\"@type\":\"EntryPoint\",\"urlTemplate\":\"https:\/\/spacing.ca\/montreal\/?s={search_term_string}\"},\"query-input\":{\"@type\":\"PropertyValueSpecification\",\"valueRequired\":true,\"valueName\":\"search_term_string\"}}],\"inLanguage\":\"en-US\"},{\"@type\":\"Person\",\"@id\":\"https:\/\/spacing.ca\/montreal\/#\/schema\/person\/5f0465c1492eb1b0084d0ee632d350fd\",\"name\":\"Guillaume St-Jean\",\"image\":{\"@type\":\"ImageObject\",\"inLanguage\":\"en-US\",\"@id\":\"https:\/\/spacing.ca\/montreal\/#\/schema\/person\/image\/\",\"url\":\"https:\/\/secure.gravatar.com\/avatar\/f285058328a9d842b36deb2199167033?s=96&d=mm&r=g\",\"contentUrl\":\"https:\/\/secure.gravatar.com\/avatar\/f285058328a9d842b36deb2199167033?s=96&d=mm&r=g\",\"caption\":\"Guillaume St-Jean\"},\"description\":\"Guillaume St-Jean a une formation en urbanisme et en conservation du patrimoine. Il s\u2019int\u00e9resse \u00e0 l\u2019histoire et \u00e0 l\u2019architecture de la ville de Montr\u00e9al et documente \u00e0 l\u2019aide de la photographie le visage changeant du paysage urbain.\",\"sameAs\":[\"https:\/\/spacing.ca\/montreal\"],\"url\":\"https:\/\/spacing.ca\/montreal\/author\/guillaume\/\"}]}<\/script>\n<!-- \/ Yoast SEO plugin. -->","yoast_head_json":{"title":"Montage du jour : La r\u00e9sidence de lady galt, rue de la montagne - Spacing Montreal","robots":{"index":"index","follow":"follow","max-snippet":"max-snippet:-1","max-image-preview":"max-image-preview:large","max-video-preview":"max-video-preview:-1"},"canonical":"https:\/\/spacing.ca\/montreal\/2009\/03\/04\/montage-du-jour-la-residence-de-lady-galt-rue-de-la-montagne\/","og_locale":"en_US","og_type":"article","og_title":"Montage du jour : La r\u00e9sidence de lady galt, rue de la montagne - Spacing Montreal","og_description":"1889-2009 Cette r\u00e9sidence construite en 1859, fut transform\u00e9 en salon fun\u00e9raire en 1902\u00a0 et est actuellement connu sous le nom de club 1234. Source : Mus\u00e9e McCord http:\/\/www.musee-mccord.qc.ca\/fr\/collection\/artefacts\/II-128067&amp;section=196 II-128067 \u00a0*** Ma collection photographique touchant \u00e0 sa fin et mes temps libre \u00e9tant actuellement plut\u00f4t limit\u00e9s, je suspendrai donc cette chronique pour une dur\u00e9e ind\u00e9termin\u00e9e d&#8217;iciContinue reading \"Montage du jour : La r\u00e9sidence de lady galt, rue de la montagne\"","og_url":"https:\/\/spacing.ca\/montreal\/2009\/03\/04\/montage-du-jour-la-residence-de-lady-galt-rue-de-la-montagne\/","og_site_name":"Spacing Montreal","article_published_time":"2009-03-04T05:00:35+00:00","article_modified_time":"2013-01-21T16:01:08+00:00","og_image":[{"url":"http:\/\/farm1.static.flickr.com\/177\/404867598_e909fa4774.jpg?v=1231981354","type":"","width":"","height":""}],"author":"Guillaume St-Jean","twitter_card":"summary_large_image","twitter_creator":"@Spacing","twitter_site":"@Spacing","twitter_misc":{"Written by":"Guillaume St-Jean"},"schema":{"@context":"https:\/\/schema.org","@graph":[{"@type":"WebPage","@id":"https:\/\/spacing.ca\/montreal\/2009\/03\/04\/montage-du-jour-la-residence-de-lady-galt-rue-de-la-montagne\/","url":"https:\/\/spacing.ca\/montreal\/2009\/03\/04\/montage-du-jour-la-residence-de-lady-galt-rue-de-la-montagne\/","name":"Montage du jour : La r\u00e9sidence de lady galt, rue de la montagne - Spacing Montreal","isPartOf":{"@id":"https:\/\/spacing.ca\/montreal\/#website"},"primaryImageOfPage":{"@id":"https:\/\/spacing.ca\/montreal\/2009\/03\/04\/montage-du-jour-la-residence-de-lady-galt-rue-de-la-montagne\/#primaryimage"},"image":{"@id":"https:\/\/spacing.ca\/montreal\/2009\/03\/04\/montage-du-jour-la-residence-de-lady-galt-rue-de-la-montagne\/#primaryimage"},"thumbnailUrl":"http:\/\/farm1.static.flickr.com\/177\/404867598_e909fa4774.jpg?v=1231981354","datePublished":"2009-03-04T05:00:35+00:00","dateModified":"2013-01-21T16:01:08+00:00","author":{"@id":"https:\/\/spacing.ca\/montreal\/#\/schema\/person\/5f0465c1492eb1b0084d0ee632d350fd"},"breadcrumb":{"@id":"https:\/\/spacing.ca\/montreal\/2009\/03\/04\/montage-du-jour-la-residence-de-lady-galt-rue-de-la-montagne\/#breadcrumb"},"inLanguage":"en-US","potentialAction":[{"@type":"ReadAction","target":["https:\/\/spacing.ca\/montreal\/2009\/03\/04\/montage-du-jour-la-residence-de-lady-galt-rue-de-la-montagne\/"]}]},{"@type":"ImageObject","inLanguage":"en-US","@id":"https:\/\/spacing.ca\/montreal\/2009\/03\/04\/montage-du-jour-la-residence-de-lady-galt-rue-de-la-montagne\/#primaryimage","url":"http:\/\/farm1.static.flickr.com\/177\/404867598_e909fa4774.jpg?v=1231981354","contentUrl":"http:\/\/farm1.static.flickr.com\/177\/404867598_e909fa4774.jpg?v=1231981354"},{"@type":"BreadcrumbList","@id":"https:\/\/spacing.ca\/montreal\/2009\/03\/04\/montage-du-jour-la-residence-de-lady-galt-rue-de-la-montagne\/#breadcrumb","itemListElement":[{"@type":"ListItem","position":1,"name":"Home","item":"https:\/\/spacing.ca\/montreal\/"},{"@type":"ListItem","position":2,"name":"Montage du jour : La r\u00e9sidence de lady galt, rue de la montagne"}]},{"@type":"WebSite","@id":"https:\/\/spacing.ca\/montreal\/#website","url":"https:\/\/spacing.ca\/montreal\/","name":"Spacing Montreal","description":"Canadian Urbanism Uncovered  |  Montreal Architecture, Urban Design, Public Transit, City Hall, Parks, Walking, Bikes, Streetscape, History, Waterfront, Maps, Public Spaces","potentialAction":[{"@type":"SearchAction","target":{"@type":"EntryPoint","urlTemplate":"https:\/\/spacing.ca\/montreal\/?s={search_term_string}"},"query-input":{"@type":"PropertyValueSpecification","valueRequired":true,"valueName":"search_term_string"}}],"inLanguage":"en-US"},{"@type":"Person","@id":"https:\/\/spacing.ca\/montreal\/#\/schema\/person\/5f0465c1492eb1b0084d0ee632d350fd","name":"Guillaume St-Jean","image":{"@type":"ImageObject","inLanguage":"en-US","@id":"https:\/\/spacing.ca\/montreal\/#\/schema\/person\/image\/","url":"https:\/\/secure.gravatar.com\/avatar\/f285058328a9d842b36deb2199167033?s=96&d=mm&r=g","contentUrl":"https:\/\/secure.gravatar.com\/avatar\/f285058328a9d842b36deb2199167033?s=96&d=mm&r=g","caption":"Guillaume St-Jean"},"description":"Guillaume St-Jean a une formation en urbanisme et en conservation du patrimoine. Il s\u2019int\u00e9resse \u00e0 l\u2019histoire et \u00e0 l\u2019architecture de la ville de Montr\u00e9al et documente \u00e0 l\u2019aide de la photographie le visage changeant du paysage urbain.","sameAs":["https:\/\/spacing.ca\/montreal"],"url":"https:\/\/spacing.ca\/montreal\/author\/guillaume\/"}]}},"_links":{"self":[{"href":"https:\/\/spacing.ca\/montreal\/wp-json\/wp\/v2\/posts\/1990","targetHints":{"allow":["GET"]}}],"collection":[{"href":"https:\/\/spacing.ca\/montreal\/wp-json\/wp\/v2\/posts"}],"about":[{"href":"https:\/\/spacing.ca\/montreal\/wp-json\/wp\/v2\/types\/post"}],"author":[{"embeddable":true,"href":"https:\/\/spacing.ca\/montreal\/wp-json\/wp\/v2\/users\/5017"}],"replies":[{"embeddable":true,"href":"https:\/\/spacing.ca\/montreal\/wp-json\/wp\/v2\/comments?post=1990"}],"version-history":[{"count":1,"href":"https:\/\/spacing.ca\/montreal\/wp-json\/wp\/v2\/posts\/1990\/revisions"}],"predecessor-version":[{"id":16421,"href":"https:\/\/spacing.ca\/montreal\/wp-json\/wp\/v2\/posts\/1990\/revisions\/16421"}],"wp:attachment":[{"href":"https:\/\/spacing.ca\/montreal\/wp-json\/wp\/v2\/media?parent=1990"}],"wp:term":[{"taxonomy":"category","embeddable":true,"href":"https:\/\/spacing.ca\/montreal\/wp-json\/wp\/v2\/categories?post=1990"},{"taxonomy":"post_tag","embeddable":true,"href":"https:\/\/spacing.ca\/montreal\/wp-json\/wp\/v2\/tags?post=1990"}],"curies":[{"name":"wp","href":"https:\/\/api.w.org\/{rel}","templated":true}]}}