{"id":2357,"date":"2009-04-23T00:00:53","date_gmt":"2009-04-23T04:00:53","guid":{"rendered":"http:\/\/spacingmontreal.ca\/2009\/04\/23\/montage-du-jour-leglise-sainte-elisabeth-2\/"},"modified":"2013-01-21T11:01:07","modified_gmt":"2013-01-21T16:01:07","slug":"montage-du-jour-leglise-sainte-elisabeth-2","status":"publish","type":"post","link":"https:\/\/spacing.ca\/montreal\/2009\/04\/23\/montage-du-jour-leglise-sainte-elisabeth-2\/","title":{"rendered":"Montage du jour : L&#8217;\u00e9glise Sainte-\u00c9lisabeth"},"content":{"rendered":"<p style=\"text-align: center\"><a href=\"http:\/\/www.flickr.com\/photos\/guil3433\/3466608139\/\"><img decoding=\"async\" src=\"http:\/\/farm4.static.flickr.com\/3486\/3466608139_86863c1316.jpg?v=0\" alt=\"http:\/\/farm4.static.flickr.com\/3486\/3466608139_86863c1316.jpg?v=0\" \/><\/a><\/p>\n<p style=\"text-align: center\"><em>2007-2009<\/em><\/p>\n<p style=\"text-align: center\">\u00a0Le terrain situ\u00e9 au coin des rues St-Jacques et de Courcelle o\u00f9 se dressait autrefois <a href=\"https:\/\/spacing.ca\/montreal\/2008\/05\/18\/ste-elizabeths-last-stand\/\">l&#8217;\u00e9glise Sainte-\u00c9lisabeth<\/a> est toujours vacant et ce, pr\u00e8s d&#8217;un an apr\u00e8s sa d\u00e9molition. Le projet de construction d&#8217;immeubles \u00e0 logements pr\u00e9vu pour ce site serait-il tomb\u00e9 \u00e0 l&#8217;eau ?<\/p>\n","protected":false},"excerpt":{"rendered":"<p>2007-2009 \u00a0Le terrain situ\u00e9 au coin des rues St-Jacques et de Courcelle o\u00f9 se dressait autrefois l&#8217;\u00e9glise Sainte-\u00c9lisabeth est toujours vacant et ce, pr\u00e8s d&#8217;un an apr\u00e8s sa d\u00e9molition. Le projet de construction d&#8217;immeubles \u00e0 logements pr\u00e9vu pour ce site serait-il tomb\u00e9 \u00e0 l&#8217;eau ?<\/p>\n","protected":false},"author":5017,"featured_media":0,"comment_status":"open","ping_status":"closed","sticky":false,"template":"","format":"standard","meta":{"_acf_changed":false,"_ef_editorial_meta_paragraph_assignment":"","_ef_editorial_meta_date_first-draft-date":"","_ef_editorial_meta_checkbox_needs-photo":"","_ef_editorial_meta_number_word-count":"","footnotes":""},"categories":[7834],"tags":[101],"class_list":["post-2357","post","type-post","status-publish","format-standard","hentry","category-features","tag-avant-apres"],"acf":[],"yoast_head":"<!-- This site is optimized with the Yoast SEO plugin v26.5 - https:\/\/yoast.com\/wordpress\/plugins\/seo\/ -->\n<title>Montage du jour : L&#039;\u00e9glise Sainte-\u00c9lisabeth - Spacing Montreal<\/title>\n<meta name=\"robots\" content=\"index, follow, max-snippet:-1, max-image-preview:large, max-video-preview:-1\" \/>\n<link rel=\"canonical\" href=\"https:\/\/spacing.ca\/montreal\/2009\/04\/23\/montage-du-jour-leglise-sainte-elisabeth-2\/\" \/>\n<meta property=\"og:locale\" content=\"en_US\" \/>\n<meta property=\"og:type\" content=\"article\" \/>\n<meta property=\"og:title\" content=\"Montage du jour : L&#039;\u00e9glise Sainte-\u00c9lisabeth - Spacing Montreal\" \/>\n<meta property=\"og:description\" content=\"2007-2009 \u00a0Le terrain situ\u00e9 au coin des rues St-Jacques et de Courcelle o\u00f9 se dressait autrefois l&#8217;\u00e9glise Sainte-\u00c9lisabeth est toujours vacant et ce, pr\u00e8s d&#8217;un an apr\u00e8s sa d\u00e9molition. Le projet de construction d&#8217;immeubles \u00e0 logements pr\u00e9vu pour ce site serait-il tomb\u00e9 \u00e0 l&#8217;eau ?\" \/>\n<meta property=\"og:url\" content=\"https:\/\/spacing.ca\/montreal\/2009\/04\/23\/montage-du-jour-leglise-sainte-elisabeth-2\/\" \/>\n<meta property=\"og:site_name\" content=\"Spacing Montreal\" \/>\n<meta property=\"article:published_time\" content=\"2009-04-23T04:00:53+00:00\" \/>\n<meta property=\"article:modified_time\" content=\"2013-01-21T16:01:07+00:00\" \/>\n<meta property=\"og:image\" content=\"http:\/\/farm4.static.flickr.com\/3486\/3466608139_86863c1316.jpg?v=0\" \/>\n<meta name=\"author\" content=\"Guillaume St-Jean\" \/>\n<meta name=\"twitter:card\" content=\"summary_large_image\" \/>\n<meta name=\"twitter:creator\" content=\"@Spacing\" \/>\n<meta name=\"twitter:site\" content=\"@Spacing\" \/>\n<meta name=\"twitter:label1\" content=\"Written by\" \/>\n\t<meta name=\"twitter:data1\" content=\"Guillaume St-Jean\" \/>\n<script type=\"application\/ld+json\" class=\"yoast-schema-graph\">{\"@context\":\"https:\/\/schema.org\",\"@graph\":[{\"@type\":\"WebPage\",\"@id\":\"https:\/\/spacing.ca\/montreal\/2009\/04\/23\/montage-du-jour-leglise-sainte-elisabeth-2\/\",\"url\":\"https:\/\/spacing.ca\/montreal\/2009\/04\/23\/montage-du-jour-leglise-sainte-elisabeth-2\/\",\"name\":\"Montage du jour : L'\u00e9glise Sainte-\u00c9lisabeth - Spacing Montreal\",\"isPartOf\":{\"@id\":\"https:\/\/spacing.ca\/montreal\/#website\"},\"primaryImageOfPage\":{\"@id\":\"https:\/\/spacing.ca\/montreal\/2009\/04\/23\/montage-du-jour-leglise-sainte-elisabeth-2\/#primaryimage\"},\"image\":{\"@id\":\"https:\/\/spacing.ca\/montreal\/2009\/04\/23\/montage-du-jour-leglise-sainte-elisabeth-2\/#primaryimage\"},\"thumbnailUrl\":\"http:\/\/farm4.static.flickr.com\/3486\/3466608139_86863c1316.jpg?v=0\",\"datePublished\":\"2009-04-23T04:00:53+00:00\",\"dateModified\":\"2013-01-21T16:01:07+00:00\",\"author\":{\"@id\":\"https:\/\/spacing.ca\/montreal\/#\/schema\/person\/5f0465c1492eb1b0084d0ee632d350fd\"},\"breadcrumb\":{\"@id\":\"https:\/\/spacing.ca\/montreal\/2009\/04\/23\/montage-du-jour-leglise-sainte-elisabeth-2\/#breadcrumb\"},\"inLanguage\":\"en-US\",\"potentialAction\":[{\"@type\":\"ReadAction\",\"target\":[\"https:\/\/spacing.ca\/montreal\/2009\/04\/23\/montage-du-jour-leglise-sainte-elisabeth-2\/\"]}]},{\"@type\":\"ImageObject\",\"inLanguage\":\"en-US\",\"@id\":\"https:\/\/spacing.ca\/montreal\/2009\/04\/23\/montage-du-jour-leglise-sainte-elisabeth-2\/#primaryimage\",\"url\":\"http:\/\/farm4.static.flickr.com\/3486\/3466608139_86863c1316.jpg?v=0\",\"contentUrl\":\"http:\/\/farm4.static.flickr.com\/3486\/3466608139_86863c1316.jpg?v=0\"},{\"@type\":\"BreadcrumbList\",\"@id\":\"https:\/\/spacing.ca\/montreal\/2009\/04\/23\/montage-du-jour-leglise-sainte-elisabeth-2\/#breadcrumb\",\"itemListElement\":[{\"@type\":\"ListItem\",\"position\":1,\"name\":\"Home\",\"item\":\"https:\/\/spacing.ca\/montreal\/\"},{\"@type\":\"ListItem\",\"position\":2,\"name\":\"Montage du jour : L&#8217;\u00e9glise Sainte-\u00c9lisabeth\"}]},{\"@type\":\"WebSite\",\"@id\":\"https:\/\/spacing.ca\/montreal\/#website\",\"url\":\"https:\/\/spacing.ca\/montreal\/\",\"name\":\"Spacing Montreal\",\"description\":\"Canadian Urbanism Uncovered  |  Montreal Architecture, Urban Design, Public Transit, City Hall, Parks, Walking, Bikes, Streetscape, History, Waterfront, Maps, Public Spaces\",\"potentialAction\":[{\"@type\":\"SearchAction\",\"target\":{\"@type\":\"EntryPoint\",\"urlTemplate\":\"https:\/\/spacing.ca\/montreal\/?s={search_term_string}\"},\"query-input\":{\"@type\":\"PropertyValueSpecification\",\"valueRequired\":true,\"valueName\":\"search_term_string\"}}],\"inLanguage\":\"en-US\"},{\"@type\":\"Person\",\"@id\":\"https:\/\/spacing.ca\/montreal\/#\/schema\/person\/5f0465c1492eb1b0084d0ee632d350fd\",\"name\":\"Guillaume St-Jean\",\"image\":{\"@type\":\"ImageObject\",\"inLanguage\":\"en-US\",\"@id\":\"https:\/\/spacing.ca\/montreal\/#\/schema\/person\/image\/\",\"url\":\"https:\/\/secure.gravatar.com\/avatar\/f285058328a9d842b36deb2199167033?s=96&d=mm&r=g\",\"contentUrl\":\"https:\/\/secure.gravatar.com\/avatar\/f285058328a9d842b36deb2199167033?s=96&d=mm&r=g\",\"caption\":\"Guillaume St-Jean\"},\"description\":\"Guillaume St-Jean a une formation en urbanisme et en conservation du patrimoine. Il s\u2019int\u00e9resse \u00e0 l\u2019histoire et \u00e0 l\u2019architecture de la ville de Montr\u00e9al et documente \u00e0 l\u2019aide de la photographie le visage changeant du paysage urbain.\",\"sameAs\":[\"https:\/\/spacing.ca\/montreal\"],\"url\":\"https:\/\/spacing.ca\/montreal\/author\/guillaume\/\"}]}<\/script>\n<!-- \/ Yoast SEO plugin. -->","yoast_head_json":{"title":"Montage du jour : L'\u00e9glise Sainte-\u00c9lisabeth - Spacing Montreal","robots":{"index":"index","follow":"follow","max-snippet":"max-snippet:-1","max-image-preview":"max-image-preview:large","max-video-preview":"max-video-preview:-1"},"canonical":"https:\/\/spacing.ca\/montreal\/2009\/04\/23\/montage-du-jour-leglise-sainte-elisabeth-2\/","og_locale":"en_US","og_type":"article","og_title":"Montage du jour : L'\u00e9glise Sainte-\u00c9lisabeth - Spacing Montreal","og_description":"2007-2009 \u00a0Le terrain situ\u00e9 au coin des rues St-Jacques et de Courcelle o\u00f9 se dressait autrefois l&#8217;\u00e9glise Sainte-\u00c9lisabeth est toujours vacant et ce, pr\u00e8s d&#8217;un an apr\u00e8s sa d\u00e9molition. Le projet de construction d&#8217;immeubles \u00e0 logements pr\u00e9vu pour ce site serait-il tomb\u00e9 \u00e0 l&#8217;eau ?","og_url":"https:\/\/spacing.ca\/montreal\/2009\/04\/23\/montage-du-jour-leglise-sainte-elisabeth-2\/","og_site_name":"Spacing Montreal","article_published_time":"2009-04-23T04:00:53+00:00","article_modified_time":"2013-01-21T16:01:07+00:00","og_image":[{"url":"http:\/\/farm4.static.flickr.com\/3486\/3466608139_86863c1316.jpg?v=0","type":"","width":"","height":""}],"author":"Guillaume St-Jean","twitter_card":"summary_large_image","twitter_creator":"@Spacing","twitter_site":"@Spacing","twitter_misc":{"Written by":"Guillaume St-Jean"},"schema":{"@context":"https:\/\/schema.org","@graph":[{"@type":"WebPage","@id":"https:\/\/spacing.ca\/montreal\/2009\/04\/23\/montage-du-jour-leglise-sainte-elisabeth-2\/","url":"https:\/\/spacing.ca\/montreal\/2009\/04\/23\/montage-du-jour-leglise-sainte-elisabeth-2\/","name":"Montage du jour : L'\u00e9glise Sainte-\u00c9lisabeth - Spacing Montreal","isPartOf":{"@id":"https:\/\/spacing.ca\/montreal\/#website"},"primaryImageOfPage":{"@id":"https:\/\/spacing.ca\/montreal\/2009\/04\/23\/montage-du-jour-leglise-sainte-elisabeth-2\/#primaryimage"},"image":{"@id":"https:\/\/spacing.ca\/montreal\/2009\/04\/23\/montage-du-jour-leglise-sainte-elisabeth-2\/#primaryimage"},"thumbnailUrl":"http:\/\/farm4.static.flickr.com\/3486\/3466608139_86863c1316.jpg?v=0","datePublished":"2009-04-23T04:00:53+00:00","dateModified":"2013-01-21T16:01:07+00:00","author":{"@id":"https:\/\/spacing.ca\/montreal\/#\/schema\/person\/5f0465c1492eb1b0084d0ee632d350fd"},"breadcrumb":{"@id":"https:\/\/spacing.ca\/montreal\/2009\/04\/23\/montage-du-jour-leglise-sainte-elisabeth-2\/#breadcrumb"},"inLanguage":"en-US","potentialAction":[{"@type":"ReadAction","target":["https:\/\/spacing.ca\/montreal\/2009\/04\/23\/montage-du-jour-leglise-sainte-elisabeth-2\/"]}]},{"@type":"ImageObject","inLanguage":"en-US","@id":"https:\/\/spacing.ca\/montreal\/2009\/04\/23\/montage-du-jour-leglise-sainte-elisabeth-2\/#primaryimage","url":"http:\/\/farm4.static.flickr.com\/3486\/3466608139_86863c1316.jpg?v=0","contentUrl":"http:\/\/farm4.static.flickr.com\/3486\/3466608139_86863c1316.jpg?v=0"},{"@type":"BreadcrumbList","@id":"https:\/\/spacing.ca\/montreal\/2009\/04\/23\/montage-du-jour-leglise-sainte-elisabeth-2\/#breadcrumb","itemListElement":[{"@type":"ListItem","position":1,"name":"Home","item":"https:\/\/spacing.ca\/montreal\/"},{"@type":"ListItem","position":2,"name":"Montage du jour : L&#8217;\u00e9glise Sainte-\u00c9lisabeth"}]},{"@type":"WebSite","@id":"https:\/\/spacing.ca\/montreal\/#website","url":"https:\/\/spacing.ca\/montreal\/","name":"Spacing Montreal","description":"Canadian Urbanism Uncovered  |  Montreal Architecture, Urban Design, Public Transit, City Hall, Parks, Walking, Bikes, Streetscape, History, Waterfront, Maps, Public Spaces","potentialAction":[{"@type":"SearchAction","target":{"@type":"EntryPoint","urlTemplate":"https:\/\/spacing.ca\/montreal\/?s={search_term_string}"},"query-input":{"@type":"PropertyValueSpecification","valueRequired":true,"valueName":"search_term_string"}}],"inLanguage":"en-US"},{"@type":"Person","@id":"https:\/\/spacing.ca\/montreal\/#\/schema\/person\/5f0465c1492eb1b0084d0ee632d350fd","name":"Guillaume St-Jean","image":{"@type":"ImageObject","inLanguage":"en-US","@id":"https:\/\/spacing.ca\/montreal\/#\/schema\/person\/image\/","url":"https:\/\/secure.gravatar.com\/avatar\/f285058328a9d842b36deb2199167033?s=96&d=mm&r=g","contentUrl":"https:\/\/secure.gravatar.com\/avatar\/f285058328a9d842b36deb2199167033?s=96&d=mm&r=g","caption":"Guillaume St-Jean"},"description":"Guillaume St-Jean a une formation en urbanisme et en conservation du patrimoine. Il s\u2019int\u00e9resse \u00e0 l\u2019histoire et \u00e0 l\u2019architecture de la ville de Montr\u00e9al et documente \u00e0 l\u2019aide de la photographie le visage changeant du paysage urbain.","sameAs":["https:\/\/spacing.ca\/montreal"],"url":"https:\/\/spacing.ca\/montreal\/author\/guillaume\/"}]}},"_links":{"self":[{"href":"https:\/\/spacing.ca\/montreal\/wp-json\/wp\/v2\/posts\/2357","targetHints":{"allow":["GET"]}}],"collection":[{"href":"https:\/\/spacing.ca\/montreal\/wp-json\/wp\/v2\/posts"}],"about":[{"href":"https:\/\/spacing.ca\/montreal\/wp-json\/wp\/v2\/types\/post"}],"author":[{"embeddable":true,"href":"https:\/\/spacing.ca\/montreal\/wp-json\/wp\/v2\/users\/5017"}],"replies":[{"embeddable":true,"href":"https:\/\/spacing.ca\/montreal\/wp-json\/wp\/v2\/comments?post=2357"}],"version-history":[{"count":1,"href":"https:\/\/spacing.ca\/montreal\/wp-json\/wp\/v2\/posts\/2357\/revisions"}],"predecessor-version":[{"id":16395,"href":"https:\/\/spacing.ca\/montreal\/wp-json\/wp\/v2\/posts\/2357\/revisions\/16395"}],"wp:attachment":[{"href":"https:\/\/spacing.ca\/montreal\/wp-json\/wp\/v2\/media?parent=2357"}],"wp:term":[{"taxonomy":"category","embeddable":true,"href":"https:\/\/spacing.ca\/montreal\/wp-json\/wp\/v2\/categories?post=2357"},{"taxonomy":"post_tag","embeddable":true,"href":"https:\/\/spacing.ca\/montreal\/wp-json\/wp\/v2\/tags?post=2357"}],"curies":[{"name":"wp","href":"https:\/\/api.w.org\/{rel}","templated":true}]}}