{"id":601,"date":"2008-08-07T22:27:17","date_gmt":"2008-08-08T03:27:17","guid":{"rendered":"http:\/\/spacingmontreal.ca\/2008\/08\/07\/the-greek-goddess-at-pine-and-park\/"},"modified":"2013-01-21T11:40:24","modified_gmt":"2013-01-21T16:40:24","slug":"the-greek-goddess-at-pine-and-park","status":"publish","type":"post","link":"https:\/\/spacing.ca\/montreal\/2008\/08\/07\/the-greek-goddess-at-pine-and-park\/","title":{"rendered":"The Greek goddess at Pine and Park"},"content":{"rendered":"<p><img decoding=\"async\" src=\"http:\/\/images.cyberpresse.ca\/apps\/pbcsi.dll\/bilde?Site=CP&#038;Date=20080805&#038;Category=CPOPINIONS05&#038;ArtNo=808050473&#038;Ref=V2&#038;Profile=6751&#038;MaxW=700\" width=\"500\" \/><\/p>\n<p>Last year, Montrealers were invited to share their visions for the new Pine\/Park interchange. Eventually, something will be done with the two parcels of land straddling Park Avenue just south of Pine, but for the time being, they are sitting empty, covered with turf and nothing else. Glen Lemesurier, the Mile End artist whose sculpture garden along Van Horne Avenue, next to the CPR tracks, has won him a lot of attention, was fed up with the dilly-dallying, so he decided to take matters into his own hands. Earlier this week, he installed a sculpture made from scavenged material painted in a soothing shade of blue. In Tuesday&#8217;s La Presse, <a href=\"http:\/\/www.cyberpresse.ca\/article\/20080805\/CPOPINIONS05\/808050473\/6751\/CPOPINIONS05\">Rima Elkouri chatted with Lemesurier<\/a> about his work. <\/p>\n<blockquote><p><i>Depuis quelques jours, apr\u00e8s avoir reconnu son empreinte dans l&#8217;oeuvre d&#8217;art de l&#8217;\u00e9changeur Parc-des Pins, des gens viennent le voir en disant: \u00abHey! Glen! C&#8217;est toi qui as fait \u00e7a?\u00bb Certains pensaient qu&#8217;il avait gagn\u00e9 un concours d&#8217;art lanc\u00e9 par la Ville. Il aurait bien aim\u00e9. Le seul hic, c&#8217;est qu&#8217;il n&#8217;y a pas eu de concours. \u00abDe toute fa\u00e7on, je ne gagne jamais de concours et je m&#8217;en fous!\u00bb dit l&#8217;artiste qui a tout de m\u00eame r\u00e9ussi \u00e0 se faire remarquer par le Cirque du Soleil et l&#8217;h\u00f4pital Douglas, pour qui il a cr\u00e9\u00e9 des oeuvres.<\/p>\n<p>Bien que l&#8217;arrondissement du Plateau Mont-Royal ait lanc\u00e9 l&#8217;automne dernier une vaste consultation citoyenne pour d\u00e9terminer la vocation de ces nouveaux espaces et que l&#8217;id\u00e9e de lancer un concours ait \u00e9t\u00e9 \u00e9voqu\u00e9e, on nous dit qu&#8217;il faudra une nouvelle consultation \u00e0 l&#8217;automne pour en savoir davantage. \u00abOn n&#8217;en \u00e9tait encore pas \u00e0 savoir si l&#8217;on met de l&#8217;orange dans la salle de bain mais plut\u00f4t \u00e0 d\u00e9terminer o\u00f9 serait la salle de bain\u00bb, m&#8217;explique, de fa\u00e7on imag\u00e9e, Marc Snyder, conseiller politique de la mairesse de l&#8217;arrondissement.<\/p>\n<p>Ne consultant que son impatience et son intuition artistique, Glen Lemesurier a d\u00e9cid\u00e9 que la salle de bain serait bleue et qu&#8217;il \u00e9tait le gagnant autoproclam\u00e9 d&#8217;un concours qui n&#8217;a jamais eu lieu. L&#8217;oeuvre, qui n&#8217;est qu&#8217;une maquette, pr\u00e9cise-t-il, s&#8217;appelle Kalliopie, du nom de la d\u00e9esse grecque de la musique. Du nom aussi de la serveuse pr\u00e9f\u00e9r\u00e9e de Glen dans le casse-cro\u00fbte qui lui sert de deuxi\u00e8me maison, avenue Bernard Est. \u00abIls me nourrissent depuis tant d&#8217;ann\u00e9es!\u00bb<\/p>\n<p>L&#8217;\u00e9tonnante d\u00e9esse grecque est donc descendue du \u00abpick-up\u00bb d&#8217;un ami de l&#8217;artiste, mardi dernier vers 16h30, pour s&#8217;asseoir sans demander la permission au beau milieu de l&#8217;\u00e9changeur Parc-des Pins. Elle est faite de tuyaux de chemin\u00e9e, de conduits de ventilation et de bidons d&#8217;huile recycl\u00e9s. Le tout peint d&#8217;un bleu ciel \u00e9clatant destin\u00e9 \u00e0 apaiser les automobilistes qui descendent \u00e0 vive allure la c\u00f4te de l&#8217;h\u00f4pital Royal Victoria vers l&#8217;avenue du Parc. \u00abLes gens s&#8217;arr\u00eatent quand ils voient l&#8217;oeuvre. Et leur visage change. \u00c7a les calme.\u00bb<\/p>\n<p>Pourquoi l&#8217;artiste a-t-il senti l&#8217;urgence de faire na\u00eetre une oeuvre d&#8217;art l\u00e0? Parce que \u00e7a le d\u00e9mangeait. Parce qu&#8217;il trouve que l&#8217;administration municipale met trop de temps \u00e0 accoucher. \u00abCe qu&#8217;ils font en un an, je le ferais en 20 minutes!\u00bb lance-t-il, sourire en coin. Parce qu&#8217;il aime Montr\u00e9al, mais constate qu&#8217;en mati\u00e8re d&#8217;art public, la Ville est en retard. \u00abAllez voir ce qui se fait \u00e0 Toronto! Allez voir ce qui se fait en Suisse! L\u00e0-bas, m\u00eame dans les petites villes, l&#8217;art est dans la ville et cela va de soi!\u00bb<\/p>\n<p>Le message de sa d\u00e9esse grecque au pied du mont Royal? \u00abArt rocks! Let&#8217;s do it!\u00bb lance l&#8217;artiste anglophone dont le p\u00e8re est gasp\u00e9sien et la m\u00e8re, franco-ontarienne.<\/i><\/p><\/blockquote>\n<p>I&#8217;ve already left Montreal, so I have no idea whether the sculpture is still standing or city workers have taken it away. Anyone?<\/p>\n<p><i>Photo Marco Campanozzi, La Presse<\/i><\/p>\n","protected":false},"excerpt":{"rendered":"<p>Last year, Montrealers were invited to share their visions for the new Pine\/Park interchange. Eventually, something will be done with the two parcels of land straddling Park Avenue just south of Pine, but for the time being, they are sitting empty, covered with turf and nothing else. Glen Lemesurier, the Mile End artist whose sculpture<a href=\"https:\/\/spacing.ca\/montreal\/2008\/08\/07\/the-greek-goddess-at-pine-and-park\/\">Continue reading <span class=\"sr-only\">&#8220;The Greek goddess at Pine and Park&#8221;<\/span><\/a><\/p>\n","protected":false},"author":5008,"featured_media":0,"comment_status":"open","ping_status":"closed","sticky":false,"template":"","format":"standard","meta":{"_acf_changed":false,"_ef_editorial_meta_paragraph_assignment":"","_ef_editorial_meta_date_first-draft-date":"","_ef_editorial_meta_checkbox_needs-photo":"","_ef_editorial_meta_number_word-count":"","footnotes":""},"categories":[7832,7839],"tags":[1931,1930,1927,1928,50,585,125,56,25,1929,152,380],"class_list":["post-601","post","type-post","status-publish","format-standard","hentry","category-culture","category-neighbourhoods","tag-bernard-est","tag-glen-lemesurier","tag-marc-snyder","tag-marco-campanozzi","tag-mcgill-ghetto","tag-mont-royal","tag-montreal","tag-plateau-mont-royal","tag-public-art","tag-rima-elkouri","tag-toronto","tag-victoria"],"acf":[],"yoast_head":"<!-- This site is optimized with the Yoast SEO plugin v26.5 - https:\/\/yoast.com\/wordpress\/plugins\/seo\/ -->\n<title>The Greek goddess at Pine and Park - Spacing Montreal<\/title>\n<meta name=\"robots\" content=\"index, follow, max-snippet:-1, max-image-preview:large, max-video-preview:-1\" \/>\n<link rel=\"canonical\" href=\"https:\/\/spacing.ca\/montreal\/2008\/08\/07\/the-greek-goddess-at-pine-and-park\/\" \/>\n<meta property=\"og:locale\" content=\"en_US\" \/>\n<meta property=\"og:type\" content=\"article\" \/>\n<meta property=\"og:title\" content=\"The Greek goddess at Pine and Park - Spacing Montreal\" \/>\n<meta property=\"og:description\" content=\"Last year, Montrealers were invited to share their visions for the new Pine\/Park interchange. Eventually, something will be done with the two parcels of land straddling Park Avenue just south of Pine, but for the time being, they are sitting empty, covered with turf and nothing else. Glen Lemesurier, the Mile End artist whose sculptureContinue reading &quot;The Greek goddess at Pine and Park&quot;\" \/>\n<meta property=\"og:url\" content=\"https:\/\/spacing.ca\/montreal\/2008\/08\/07\/the-greek-goddess-at-pine-and-park\/\" \/>\n<meta property=\"og:site_name\" content=\"Spacing Montreal\" \/>\n<meta property=\"article:published_time\" content=\"2008-08-08T03:27:17+00:00\" \/>\n<meta property=\"article:modified_time\" content=\"2013-01-21T16:40:24+00:00\" \/>\n<meta property=\"og:image\" content=\"http:\/\/images.cyberpresse.ca\/apps\/pbcsi.dll\/bilde?Site=CP&Date=20080805&Category=CPOPINIONS05&ArtNo=808050473&Ref=V2&Profile=6751&MaxW=700\" \/>\n<meta name=\"author\" content=\"Christopher DeWolf\" \/>\n<meta name=\"twitter:card\" content=\"summary_large_image\" \/>\n<meta name=\"twitter:creator\" content=\"@Spacing\" \/>\n<meta name=\"twitter:site\" content=\"@Spacing\" \/>\n<meta name=\"twitter:label1\" content=\"Written by\" \/>\n\t<meta name=\"twitter:data1\" content=\"Christopher DeWolf\" \/>\n\t<meta name=\"twitter:label2\" content=\"Est. reading time\" \/>\n\t<meta name=\"twitter:data2\" content=\"3 minutes\" \/>\n<script type=\"application\/ld+json\" class=\"yoast-schema-graph\">{\"@context\":\"https:\/\/schema.org\",\"@graph\":[{\"@type\":\"WebPage\",\"@id\":\"https:\/\/spacing.ca\/montreal\/2008\/08\/07\/the-greek-goddess-at-pine-and-park\/\",\"url\":\"https:\/\/spacing.ca\/montreal\/2008\/08\/07\/the-greek-goddess-at-pine-and-park\/\",\"name\":\"The Greek goddess at Pine and Park - Spacing Montreal\",\"isPartOf\":{\"@id\":\"https:\/\/spacing.ca\/montreal\/#website\"},\"primaryImageOfPage\":{\"@id\":\"https:\/\/spacing.ca\/montreal\/2008\/08\/07\/the-greek-goddess-at-pine-and-park\/#primaryimage\"},\"image\":{\"@id\":\"https:\/\/spacing.ca\/montreal\/2008\/08\/07\/the-greek-goddess-at-pine-and-park\/#primaryimage\"},\"thumbnailUrl\":\"http:\/\/images.cyberpresse.ca\/apps\/pbcsi.dll\/bilde?Site=CP&Date=20080805&Category=CPOPINIONS05&ArtNo=808050473&Ref=V2&Profile=6751&MaxW=700\",\"datePublished\":\"2008-08-08T03:27:17+00:00\",\"dateModified\":\"2013-01-21T16:40:24+00:00\",\"author\":{\"@id\":\"https:\/\/spacing.ca\/montreal\/#\/schema\/person\/8d797e2a77c30d58d1f6fe3d915ad3fd\"},\"breadcrumb\":{\"@id\":\"https:\/\/spacing.ca\/montreal\/2008\/08\/07\/the-greek-goddess-at-pine-and-park\/#breadcrumb\"},\"inLanguage\":\"en-US\",\"potentialAction\":[{\"@type\":\"ReadAction\",\"target\":[\"https:\/\/spacing.ca\/montreal\/2008\/08\/07\/the-greek-goddess-at-pine-and-park\/\"]}]},{\"@type\":\"ImageObject\",\"inLanguage\":\"en-US\",\"@id\":\"https:\/\/spacing.ca\/montreal\/2008\/08\/07\/the-greek-goddess-at-pine-and-park\/#primaryimage\",\"url\":\"http:\/\/images.cyberpresse.ca\/apps\/pbcsi.dll\/bilde?Site=CP&Date=20080805&Category=CPOPINIONS05&ArtNo=808050473&Ref=V2&Profile=6751&MaxW=700\",\"contentUrl\":\"http:\/\/images.cyberpresse.ca\/apps\/pbcsi.dll\/bilde?Site=CP&Date=20080805&Category=CPOPINIONS05&ArtNo=808050473&Ref=V2&Profile=6751&MaxW=700\"},{\"@type\":\"BreadcrumbList\",\"@id\":\"https:\/\/spacing.ca\/montreal\/2008\/08\/07\/the-greek-goddess-at-pine-and-park\/#breadcrumb\",\"itemListElement\":[{\"@type\":\"ListItem\",\"position\":1,\"name\":\"Home\",\"item\":\"https:\/\/spacing.ca\/montreal\/\"},{\"@type\":\"ListItem\",\"position\":2,\"name\":\"The Greek goddess at Pine and Park\"}]},{\"@type\":\"WebSite\",\"@id\":\"https:\/\/spacing.ca\/montreal\/#website\",\"url\":\"https:\/\/spacing.ca\/montreal\/\",\"name\":\"Spacing Montreal\",\"description\":\"Canadian Urbanism Uncovered  |  Montreal Architecture, Urban Design, Public Transit, City Hall, Parks, Walking, Bikes, Streetscape, History, Waterfront, Maps, Public Spaces\",\"potentialAction\":[{\"@type\":\"SearchAction\",\"target\":{\"@type\":\"EntryPoint\",\"urlTemplate\":\"https:\/\/spacing.ca\/montreal\/?s={search_term_string}\"},\"query-input\":{\"@type\":\"PropertyValueSpecification\",\"valueRequired\":true,\"valueName\":\"search_term_string\"}}],\"inLanguage\":\"en-US\"},{\"@type\":\"Person\",\"@id\":\"https:\/\/spacing.ca\/montreal\/#\/schema\/person\/8d797e2a77c30d58d1f6fe3d915ad3fd\",\"name\":\"Christopher DeWolf\",\"image\":{\"@type\":\"ImageObject\",\"inLanguage\":\"en-US\",\"@id\":\"https:\/\/spacing.ca\/montreal\/#\/schema\/person\/image\/\",\"url\":\"https:\/\/secure.gravatar.com\/avatar\/93c8aca91d7cfbd895846128d058930b?s=96&d=mm&r=g\",\"contentUrl\":\"https:\/\/secure.gravatar.com\/avatar\/93c8aca91d7cfbd895846128d058930b?s=96&d=mm&r=g\",\"caption\":\"Christopher DeWolf\"},\"description\":\"Check out Urbanphoto!\",\"sameAs\":[\"http:\/\/www.urbanphoto.net\"],\"url\":\"https:\/\/spacing.ca\/montreal\/author\/christopher\/\"}]}<\/script>\n<!-- \/ Yoast SEO plugin. -->","yoast_head_json":{"title":"The Greek goddess at Pine and Park - Spacing Montreal","robots":{"index":"index","follow":"follow","max-snippet":"max-snippet:-1","max-image-preview":"max-image-preview:large","max-video-preview":"max-video-preview:-1"},"canonical":"https:\/\/spacing.ca\/montreal\/2008\/08\/07\/the-greek-goddess-at-pine-and-park\/","og_locale":"en_US","og_type":"article","og_title":"The Greek goddess at Pine and Park - Spacing Montreal","og_description":"Last year, Montrealers were invited to share their visions for the new Pine\/Park interchange. Eventually, something will be done with the two parcels of land straddling Park Avenue just south of Pine, but for the time being, they are sitting empty, covered with turf and nothing else. Glen Lemesurier, the Mile End artist whose sculptureContinue reading \"The Greek goddess at Pine and Park\"","og_url":"https:\/\/spacing.ca\/montreal\/2008\/08\/07\/the-greek-goddess-at-pine-and-park\/","og_site_name":"Spacing Montreal","article_published_time":"2008-08-08T03:27:17+00:00","article_modified_time":"2013-01-21T16:40:24+00:00","og_image":[{"url":"http:\/\/images.cyberpresse.ca\/apps\/pbcsi.dll\/bilde?Site=CP&Date=20080805&Category=CPOPINIONS05&ArtNo=808050473&Ref=V2&Profile=6751&MaxW=700","type":"","width":"","height":""}],"author":"Christopher DeWolf","twitter_card":"summary_large_image","twitter_creator":"@Spacing","twitter_site":"@Spacing","twitter_misc":{"Written by":"Christopher DeWolf","Est. reading time":"3 minutes"},"schema":{"@context":"https:\/\/schema.org","@graph":[{"@type":"WebPage","@id":"https:\/\/spacing.ca\/montreal\/2008\/08\/07\/the-greek-goddess-at-pine-and-park\/","url":"https:\/\/spacing.ca\/montreal\/2008\/08\/07\/the-greek-goddess-at-pine-and-park\/","name":"The Greek goddess at Pine and Park - Spacing Montreal","isPartOf":{"@id":"https:\/\/spacing.ca\/montreal\/#website"},"primaryImageOfPage":{"@id":"https:\/\/spacing.ca\/montreal\/2008\/08\/07\/the-greek-goddess-at-pine-and-park\/#primaryimage"},"image":{"@id":"https:\/\/spacing.ca\/montreal\/2008\/08\/07\/the-greek-goddess-at-pine-and-park\/#primaryimage"},"thumbnailUrl":"http:\/\/images.cyberpresse.ca\/apps\/pbcsi.dll\/bilde?Site=CP&Date=20080805&Category=CPOPINIONS05&ArtNo=808050473&Ref=V2&Profile=6751&MaxW=700","datePublished":"2008-08-08T03:27:17+00:00","dateModified":"2013-01-21T16:40:24+00:00","author":{"@id":"https:\/\/spacing.ca\/montreal\/#\/schema\/person\/8d797e2a77c30d58d1f6fe3d915ad3fd"},"breadcrumb":{"@id":"https:\/\/spacing.ca\/montreal\/2008\/08\/07\/the-greek-goddess-at-pine-and-park\/#breadcrumb"},"inLanguage":"en-US","potentialAction":[{"@type":"ReadAction","target":["https:\/\/spacing.ca\/montreal\/2008\/08\/07\/the-greek-goddess-at-pine-and-park\/"]}]},{"@type":"ImageObject","inLanguage":"en-US","@id":"https:\/\/spacing.ca\/montreal\/2008\/08\/07\/the-greek-goddess-at-pine-and-park\/#primaryimage","url":"http:\/\/images.cyberpresse.ca\/apps\/pbcsi.dll\/bilde?Site=CP&Date=20080805&Category=CPOPINIONS05&ArtNo=808050473&Ref=V2&Profile=6751&MaxW=700","contentUrl":"http:\/\/images.cyberpresse.ca\/apps\/pbcsi.dll\/bilde?Site=CP&Date=20080805&Category=CPOPINIONS05&ArtNo=808050473&Ref=V2&Profile=6751&MaxW=700"},{"@type":"BreadcrumbList","@id":"https:\/\/spacing.ca\/montreal\/2008\/08\/07\/the-greek-goddess-at-pine-and-park\/#breadcrumb","itemListElement":[{"@type":"ListItem","position":1,"name":"Home","item":"https:\/\/spacing.ca\/montreal\/"},{"@type":"ListItem","position":2,"name":"The Greek goddess at Pine and Park"}]},{"@type":"WebSite","@id":"https:\/\/spacing.ca\/montreal\/#website","url":"https:\/\/spacing.ca\/montreal\/","name":"Spacing Montreal","description":"Canadian Urbanism Uncovered  |  Montreal Architecture, Urban Design, Public Transit, City Hall, Parks, Walking, Bikes, Streetscape, History, Waterfront, Maps, Public Spaces","potentialAction":[{"@type":"SearchAction","target":{"@type":"EntryPoint","urlTemplate":"https:\/\/spacing.ca\/montreal\/?s={search_term_string}"},"query-input":{"@type":"PropertyValueSpecification","valueRequired":true,"valueName":"search_term_string"}}],"inLanguage":"en-US"},{"@type":"Person","@id":"https:\/\/spacing.ca\/montreal\/#\/schema\/person\/8d797e2a77c30d58d1f6fe3d915ad3fd","name":"Christopher DeWolf","image":{"@type":"ImageObject","inLanguage":"en-US","@id":"https:\/\/spacing.ca\/montreal\/#\/schema\/person\/image\/","url":"https:\/\/secure.gravatar.com\/avatar\/93c8aca91d7cfbd895846128d058930b?s=96&d=mm&r=g","contentUrl":"https:\/\/secure.gravatar.com\/avatar\/93c8aca91d7cfbd895846128d058930b?s=96&d=mm&r=g","caption":"Christopher DeWolf"},"description":"Check out Urbanphoto!","sameAs":["http:\/\/www.urbanphoto.net"],"url":"https:\/\/spacing.ca\/montreal\/author\/christopher\/"}]}},"_links":{"self":[{"href":"https:\/\/spacing.ca\/montreal\/wp-json\/wp\/v2\/posts\/601","targetHints":{"allow":["GET"]}}],"collection":[{"href":"https:\/\/spacing.ca\/montreal\/wp-json\/wp\/v2\/posts"}],"about":[{"href":"https:\/\/spacing.ca\/montreal\/wp-json\/wp\/v2\/types\/post"}],"author":[{"embeddable":true,"href":"https:\/\/spacing.ca\/montreal\/wp-json\/wp\/v2\/users\/5008"}],"replies":[{"embeddable":true,"href":"https:\/\/spacing.ca\/montreal\/wp-json\/wp\/v2\/comments?post=601"}],"version-history":[{"count":2,"href":"https:\/\/spacing.ca\/montreal\/wp-json\/wp\/v2\/posts\/601\/revisions"}],"predecessor-version":[{"id":20730,"href":"https:\/\/spacing.ca\/montreal\/wp-json\/wp\/v2\/posts\/601\/revisions\/20730"}],"wp:attachment":[{"href":"https:\/\/spacing.ca\/montreal\/wp-json\/wp\/v2\/media?parent=601"}],"wp:term":[{"taxonomy":"category","embeddable":true,"href":"https:\/\/spacing.ca\/montreal\/wp-json\/wp\/v2\/categories?post=601"},{"taxonomy":"post_tag","embeddable":true,"href":"https:\/\/spacing.ca\/montreal\/wp-json\/wp\/v2\/tags?post=601"}],"curies":[{"name":"wp","href":"https:\/\/api.w.org\/{rel}","templated":true}]}}