{"id":8852,"date":"2010-12-05T10:29:06","date_gmt":"2010-12-05T15:29:06","guid":{"rendered":"http:\/\/spacingmontreal.ca\/?p=8852"},"modified":"2013-01-21T11:41:07","modified_gmt":"2013-01-21T16:41:07","slug":"too-big-to-love-ipams-citizens-agora-and-the-challenge-of-regional-planning","status":"publish","type":"post","link":"https:\/\/spacing.ca\/montreal\/2010\/12\/05\/too-big-to-love-ipams-citizens-agora-and-the-challenge-of-regional-planning\/","title":{"rendered":"Too Big to Love: IPAM&#8217;s Citizen&#8217;s Agora and the Challenge of Regional Planning"},"content":{"rendered":"<p><a rel=\"attachment wp-att-8853\" href=\"https:\/\/spacing.ca\/montreal\/2010\/12\/05\/too-big-to-love-ipams-citizens-agora-and-the-challenge-of-regional-planning\/carte-metro-montreal\/\"><img loading=\"lazy\" decoding=\"async\" class=\"alignnone size-full wp-image-8853\" title=\"carte metro montreal\" src=\"http:\/\/spacing.ca\/network\/wp-content\/uploads\/sites\/5\/2010\/12\/carte-metro-montreal.jpg\" alt=\"\" width=\"580\" height=\"479\" srcset=\"https:\/\/spacing.ca\/montreal\/wp-content\/uploads\/sites\/5\/2010\/12\/carte-metro-montreal.jpg 635w, https:\/\/spacing.ca\/montreal\/wp-content\/uploads\/sites\/5\/2010\/12\/carte-metro-montreal-300x248.jpg 300w\" sizes=\"auto, (max-width: 580px) 100vw, 580px\" \/><\/a><\/p>\n<p>All day yesterday, I looked at this map.<\/p>\n<p>For their first <a href=\"https:\/\/spacing.ca\/montreal\/2010\/11\/28\/events-guide-ipams-citizen-agora\/\">Citizen&#8217;s\u00a0 Agora<\/a>, the <em>Institut de politiques alternatives de Montr\u00e9al<\/em> went big: they chose the entire Metropolitain area for a spin in the think-tank. The timing is right: <a href=\"https:\/\/spacing.ca\/montreal\/2010\/06\/17\/planning-for-the-big-picture-with-bill-58\/\">Bill 58<\/a> mandated the <em>Communaut\u00e9 M\u00e9tropolitaine de Montr\u00e9al<\/em> (CMM) to draft a regional plan by the end of 2011. The agora aimed to produce some concrete recommendations.<\/p>\n<p>In one presentation after another, the map was used to describe trends in density, transit, greenspace.<\/p>\n<p>But the map is not the territory.\u00a0 I once went to a rave at the Cosmodome in Laval; I once watched a movie at Sainte-Eustache&#8217;s drive-in, but overall, the CMM&#8217;s territory remains mysterious to me. And I assume that it is more or less unknown to everyone who attended, although  many of them are professionals working in urban planning, transportation, or  commerce in one of the 82 cities or towns outlined above. It is just too spread out to know with any level of intimacy.<\/p>\n<p><!--more--><\/p>\n<p><strong>The Boston Metro Experience<\/strong><\/p>\n<p>And yet regional planning is of the essence, as one of the opening panelists, Timothy G Reardon from Boston&#8217;s <a href=\"http:\/\/www.metrofuture.org\/\">Metro Future<\/a>, highlighted.<\/p>\n<p>Since property tax is the only source of income for municipalities, greenfield development usually seems like the only way to cope with the rising cost of serving the community. But when dozens of towns in the same region come to the same conclusion, and each build more single-family dwellings, more strip-malls and more industrial parks, the market for these things becomes diluted. Working alone, not only does each town fail to meet their objectives and solve the local problem, but they multiply regional problems such as loss of agricultural land and car-oriented development.<\/p>\n<p>&#8220;Local issues are rooted in regional trends and local decisions have regional impacts,&#8221; said Reardon. When it comes down to it, most suburbs&#8217; attractiveness to industry or home-buyers has more to do with the state of the metro area than the particularities of the bungalow stock or the industrial park.<\/p>\n<p>The real challenge is persuading people to get on board. Reardon said that, in Boston, they were able to do this by creating a constituency who would advocate for the regional plan. In that region there is no legal planning body at the metro-scale so instead, Reardon and his colleagues took the metro-planning show on the road, visiting various citizens&#8217; groups in 101 surrounding municipalities, and engaging them through a process of visioning and valuing (I picture this as a 30s style urban planning side-show caravan, although I&#8217;m sure it was a laptop and suitcase tour).<\/p>\n<p><a href=\"http:\/\/www.metrofuture.org\/files_metrofuture\/userfiles\/image\/Growth-Preservation_Map.jpg\"><img loading=\"lazy\" decoding=\"async\" class=\"alignnone\" src=\"http:\/\/www.metrofuture.org\/files_metrofuture\/userfiles\/image\/Growth-Preservation_Map.jpg\" alt=\"\" width=\"420\" height=\"420\" \/><\/a><\/p>\n<p><em>During Reardon&#8217;s presentation, we had a change in map.<\/em><\/p>\n<p><strong>So metro planning is our responsibility?<br \/>\n<\/strong><\/p>\n<p>The people who dedicate a Saturday to discussing regional planning issues are earnest, progressive, often identify themselves as optimists. Professors, students, environmentalists, even a few city councillors, line up at the microphones to call for densification, transit, and the fundamental integration of  transportation with planning; everyone agrees about the importance of democracy, social equity, preserving natural spaces,  and valuing agricultural land.<\/p>\n<p>Only in the final hour does Gazette columnist Henri Aubin addressed the elephant in the room: Halting urban sprawl, preventing the dezoning of agricultural land, and focusing development in the city centre tend to run against the interests of the suburbs, who none-the-less hold half the balance of power in the CMM. To make things even trickier, the &#8220;450&#8221; is more politically volatile and therefore has lot more influence at the provincial level.<\/p>\n<p>&#8220;<em>M Tremblay a montr\u00e9 peu de leadership au CMM,<\/em>&#8221; he said. &#8220;<em>Le potentiel de leadership vient plutot de gens comme vous, du public.<\/em>&#8221;<\/p>\n<p>Aubin also pointed out that the media has a role to play: &#8220;<em>Avec   l\u2019invisibilit\u00e9 de la CMM, les \u00e9lus de la CMM peuvent \u00eatre aussi t\u00eatu   qu\u2019ils veulent sans que le public le sache.&#8221;<\/em><\/p>\n<p>G\u00e9rard Beaudet (Observatoire sur la mobilit\u00e9, UdeM) drew a similar conclusion: &#8220;<em>On ne peut pas passer outre des probl\u00e8mes de gouvernance&#8230;Ce n&#8217;est pas de l&#8217;immobilisme, c&#8217;est de l&#8217;immobilisation volontaire.<\/em>&#8221; We definitely can&#8217;t trust decisions about regional planning to the governing bodies, he insisted. Civil society and citizens must mobilize and champion these issues. Oh, and since there&#8217;s no public consultation body at this level of governance, we also have to organize the democratic forum in order to do so, just as IPAM has done.<\/p>\n<p>But the territory is, well, <em>big.<\/em> For most  of us it remains unknown, and therefore unloved, and therefore undefended. For many of us, just venturing beyond our neighbourhood can induce culture shock.\u00a0 Aubin is right about the role of the media, but frankly Spacing <em>Comunaut\u00e9 Metropolitaine de Montr\u00e9al<\/em> feels like a bit much to take on.<\/p>\n<p>Please, Spacing Montr\u00e9al community, tell me what you&#8217;d like to read here&#8230;<br \/>\n<a title=\"Suburban sprawl by alanah.montreal, on Flickr\" href=\"http:\/\/www.flickr.com\/photos\/alanahmontreal\/4706627456\/\"><img loading=\"lazy\" decoding=\"async\" src=\"http:\/\/farm2.static.flickr.com\/1305\/4706627456_6a08549cbb.jpg\" alt=\"Suburban sprawl\" width=\"500\" height=\"375\" \/><\/a><\/p>\n<p><em>Photo: Finding a balance between agricultural preservation, greenspace and development looks simple from afar, but how does it play out on the ground?\u00a0 (Photo of Laval by Alanah Heffez, April 2009)<\/em><\/p>\n","protected":false},"excerpt":{"rendered":"<p>All day yesterday, I looked at this map. For their first Citizen&#8217;s\u00a0 Agora, the Institut de politiques alternatives de Montr\u00e9al went big: they chose the entire Metropolitain area for a spin in the think-tank. The timing is right: Bill 58 mandated the Communaut\u00e9 M\u00e9tropolitaine de Montr\u00e9al (CMM) to draft a regional plan by the end<a href=\"https:\/\/spacing.ca\/montreal\/2010\/12\/05\/too-big-to-love-ipams-citizens-agora-and-the-challenge-of-regional-planning\/\">Continue reading <span class=\"sr-only\">&#8220;Too Big to Love: IPAM&#8217;s Citizen&#8217;s Agora and the Challenge of Regional Planning&#8221;<\/span><\/a><\/p>\n","protected":false},"author":5022,"featured_media":0,"comment_status":"open","ping_status":"closed","sticky":false,"template":"","format":"standard","meta":{"_acf_changed":false,"_ef_editorial_meta_paragraph_assignment":"","_ef_editorial_meta_date_first-draft-date":"","_ef_editorial_meta_checkbox_needs-photo":"","_ef_editorial_meta_number_word-count":"","footnotes":""},"categories":[7829,7842],"tags":[5877,1066,3137,4029,2680,693,5878,92,5,112,5851,830],"class_list":["post-8852","post","type-post","status-publish","format-standard","hentry","category-civic-engagement","category-urban-design","tag-advocate-for-the-regional-plan","tag-boston","tag-car-oriented-development","tag-civil-society","tag-gazette-columnist","tag-gerard-beaudet","tag-henri-aubin","tag-laval","tag-planning","tag-public-consultation-consultation-publique","tag-timothy-g-reardon","tag-transportation-2"],"acf":[],"yoast_head":"<!-- This site is optimized with the Yoast SEO plugin v26.5 - https:\/\/yoast.com\/wordpress\/plugins\/seo\/ -->\n<title>Too Big to Love: IPAM&#039;s Citizen&#039;s Agora and the Challenge of Regional Planning - Spacing Montreal<\/title>\n<meta name=\"robots\" content=\"index, follow, max-snippet:-1, max-image-preview:large, max-video-preview:-1\" \/>\n<link rel=\"canonical\" href=\"https:\/\/spacing.ca\/montreal\/2010\/12\/05\/too-big-to-love-ipams-citizens-agora-and-the-challenge-of-regional-planning\/\" \/>\n<meta property=\"og:locale\" content=\"en_US\" \/>\n<meta property=\"og:type\" content=\"article\" \/>\n<meta property=\"og:title\" content=\"Too Big to Love: IPAM&#039;s Citizen&#039;s Agora and the Challenge of Regional Planning - Spacing Montreal\" \/>\n<meta property=\"og:description\" content=\"All day yesterday, I looked at this map. For their first Citizen&#8217;s\u00a0 Agora, the Institut de politiques alternatives de Montr\u00e9al went big: they chose the entire Metropolitain area for a spin in the think-tank. The timing is right: Bill 58 mandated the Communaut\u00e9 M\u00e9tropolitaine de Montr\u00e9al (CMM) to draft a regional plan by the endContinue reading &quot;Too Big to Love: IPAM&#8217;s Citizen&#8217;s Agora and the Challenge of Regional Planning&quot;\" \/>\n<meta property=\"og:url\" content=\"https:\/\/spacing.ca\/montreal\/2010\/12\/05\/too-big-to-love-ipams-citizens-agora-and-the-challenge-of-regional-planning\/\" \/>\n<meta property=\"og:site_name\" content=\"Spacing Montreal\" \/>\n<meta property=\"article:published_time\" content=\"2010-12-05T15:29:06+00:00\" \/>\n<meta property=\"article:modified_time\" content=\"2013-01-21T16:41:07+00:00\" \/>\n<meta property=\"og:image\" content=\"http:\/\/spacing.ca\/network\/wp-content\/uploads\/sites\/5\/2010\/12\/carte-metro-montreal.jpg\" \/>\n<meta name=\"author\" content=\"Alanah Heffez\" \/>\n<meta name=\"twitter:card\" content=\"summary_large_image\" \/>\n<meta name=\"twitter:creator\" content=\"@Spacing\" \/>\n<meta name=\"twitter:site\" content=\"@Spacing\" \/>\n<meta name=\"twitter:label1\" content=\"Written by\" \/>\n\t<meta name=\"twitter:data1\" content=\"Alanah Heffez\" \/>\n\t<meta name=\"twitter:label2\" content=\"Est. reading time\" \/>\n\t<meta name=\"twitter:data2\" content=\"4 minutes\" \/>\n<script type=\"application\/ld+json\" class=\"yoast-schema-graph\">{\"@context\":\"https:\/\/schema.org\",\"@graph\":[{\"@type\":\"WebPage\",\"@id\":\"https:\/\/spacing.ca\/montreal\/2010\/12\/05\/too-big-to-love-ipams-citizens-agora-and-the-challenge-of-regional-planning\/\",\"url\":\"https:\/\/spacing.ca\/montreal\/2010\/12\/05\/too-big-to-love-ipams-citizens-agora-and-the-challenge-of-regional-planning\/\",\"name\":\"Too Big to Love: IPAM's Citizen's Agora and the Challenge of Regional Planning - Spacing Montreal\",\"isPartOf\":{\"@id\":\"https:\/\/spacing.ca\/montreal\/#website\"},\"primaryImageOfPage\":{\"@id\":\"https:\/\/spacing.ca\/montreal\/2010\/12\/05\/too-big-to-love-ipams-citizens-agora-and-the-challenge-of-regional-planning\/#primaryimage\"},\"image\":{\"@id\":\"https:\/\/spacing.ca\/montreal\/2010\/12\/05\/too-big-to-love-ipams-citizens-agora-and-the-challenge-of-regional-planning\/#primaryimage\"},\"thumbnailUrl\":\"http:\/\/spacing.ca\/network\/wp-content\/uploads\/sites\/5\/2010\/12\/carte-metro-montreal.jpg\",\"datePublished\":\"2010-12-05T15:29:06+00:00\",\"dateModified\":\"2013-01-21T16:41:07+00:00\",\"author\":{\"@id\":\"https:\/\/spacing.ca\/montreal\/#\/schema\/person\/d9708edcbf411e2f340ef5149d0c8e29\"},\"breadcrumb\":{\"@id\":\"https:\/\/spacing.ca\/montreal\/2010\/12\/05\/too-big-to-love-ipams-citizens-agora-and-the-challenge-of-regional-planning\/#breadcrumb\"},\"inLanguage\":\"en-US\",\"potentialAction\":[{\"@type\":\"ReadAction\",\"target\":[\"https:\/\/spacing.ca\/montreal\/2010\/12\/05\/too-big-to-love-ipams-citizens-agora-and-the-challenge-of-regional-planning\/\"]}]},{\"@type\":\"ImageObject\",\"inLanguage\":\"en-US\",\"@id\":\"https:\/\/spacing.ca\/montreal\/2010\/12\/05\/too-big-to-love-ipams-citizens-agora-and-the-challenge-of-regional-planning\/#primaryimage\",\"url\":\"http:\/\/spacing.ca\/network\/wp-content\/uploads\/sites\/5\/2010\/12\/carte-metro-montreal.jpg\",\"contentUrl\":\"http:\/\/spacing.ca\/network\/wp-content\/uploads\/sites\/5\/2010\/12\/carte-metro-montreal.jpg\"},{\"@type\":\"BreadcrumbList\",\"@id\":\"https:\/\/spacing.ca\/montreal\/2010\/12\/05\/too-big-to-love-ipams-citizens-agora-and-the-challenge-of-regional-planning\/#breadcrumb\",\"itemListElement\":[{\"@type\":\"ListItem\",\"position\":1,\"name\":\"Home\",\"item\":\"https:\/\/spacing.ca\/montreal\/\"},{\"@type\":\"ListItem\",\"position\":2,\"name\":\"Too Big to Love: IPAM&#8217;s Citizen&#8217;s Agora and the Challenge of Regional Planning\"}]},{\"@type\":\"WebSite\",\"@id\":\"https:\/\/spacing.ca\/montreal\/#website\",\"url\":\"https:\/\/spacing.ca\/montreal\/\",\"name\":\"Spacing Montreal\",\"description\":\"Canadian Urbanism Uncovered  |  Montreal Architecture, Urban Design, Public Transit, City Hall, Parks, Walking, Bikes, Streetscape, History, Waterfront, Maps, Public Spaces\",\"potentialAction\":[{\"@type\":\"SearchAction\",\"target\":{\"@type\":\"EntryPoint\",\"urlTemplate\":\"https:\/\/spacing.ca\/montreal\/?s={search_term_string}\"},\"query-input\":{\"@type\":\"PropertyValueSpecification\",\"valueRequired\":true,\"valueName\":\"search_term_string\"}}],\"inLanguage\":\"en-US\"},{\"@type\":\"Person\",\"@id\":\"https:\/\/spacing.ca\/montreal\/#\/schema\/person\/d9708edcbf411e2f340ef5149d0c8e29\",\"name\":\"Alanah Heffez\",\"image\":{\"@type\":\"ImageObject\",\"inLanguage\":\"en-US\",\"@id\":\"https:\/\/spacing.ca\/montreal\/#\/schema\/person\/image\/\",\"url\":\"https:\/\/secure.gravatar.com\/avatar\/2665e638603d91eaccfcb354cbb609da?s=96&d=mm&r=g\",\"contentUrl\":\"https:\/\/secure.gravatar.com\/avatar\/2665e638603d91eaccfcb354cbb609da?s=96&d=mm&r=g\",\"caption\":\"Alanah Heffez\"},\"description\":\"Alanah is interested in place-making, education and stories, She was born and raised in Montreal, and mixes a passion for the city with the occasional jaunt into Northern Quebec.\",\"sameAs\":[\"https:\/\/spacing.ca\/montreal\"],\"url\":\"https:\/\/spacing.ca\/montreal\/author\/alanah\/\"}]}<\/script>\n<!-- \/ Yoast SEO plugin. -->","yoast_head_json":{"title":"Too Big to Love: IPAM's Citizen's Agora and the Challenge of Regional Planning - Spacing Montreal","robots":{"index":"index","follow":"follow","max-snippet":"max-snippet:-1","max-image-preview":"max-image-preview:large","max-video-preview":"max-video-preview:-1"},"canonical":"https:\/\/spacing.ca\/montreal\/2010\/12\/05\/too-big-to-love-ipams-citizens-agora-and-the-challenge-of-regional-planning\/","og_locale":"en_US","og_type":"article","og_title":"Too Big to Love: IPAM's Citizen's Agora and the Challenge of Regional Planning - Spacing Montreal","og_description":"All day yesterday, I looked at this map. For their first Citizen&#8217;s\u00a0 Agora, the Institut de politiques alternatives de Montr\u00e9al went big: they chose the entire Metropolitain area for a spin in the think-tank. The timing is right: Bill 58 mandated the Communaut\u00e9 M\u00e9tropolitaine de Montr\u00e9al (CMM) to draft a regional plan by the endContinue reading \"Too Big to Love: IPAM&#8217;s Citizen&#8217;s Agora and the Challenge of Regional Planning\"","og_url":"https:\/\/spacing.ca\/montreal\/2010\/12\/05\/too-big-to-love-ipams-citizens-agora-and-the-challenge-of-regional-planning\/","og_site_name":"Spacing Montreal","article_published_time":"2010-12-05T15:29:06+00:00","article_modified_time":"2013-01-21T16:41:07+00:00","og_image":[{"url":"http:\/\/spacing.ca\/network\/wp-content\/uploads\/sites\/5\/2010\/12\/carte-metro-montreal.jpg","type":"","width":"","height":""}],"author":"Alanah Heffez","twitter_card":"summary_large_image","twitter_creator":"@Spacing","twitter_site":"@Spacing","twitter_misc":{"Written by":"Alanah Heffez","Est. reading time":"4 minutes"},"schema":{"@context":"https:\/\/schema.org","@graph":[{"@type":"WebPage","@id":"https:\/\/spacing.ca\/montreal\/2010\/12\/05\/too-big-to-love-ipams-citizens-agora-and-the-challenge-of-regional-planning\/","url":"https:\/\/spacing.ca\/montreal\/2010\/12\/05\/too-big-to-love-ipams-citizens-agora-and-the-challenge-of-regional-planning\/","name":"Too Big to Love: IPAM's Citizen's Agora and the Challenge of Regional Planning - Spacing Montreal","isPartOf":{"@id":"https:\/\/spacing.ca\/montreal\/#website"},"primaryImageOfPage":{"@id":"https:\/\/spacing.ca\/montreal\/2010\/12\/05\/too-big-to-love-ipams-citizens-agora-and-the-challenge-of-regional-planning\/#primaryimage"},"image":{"@id":"https:\/\/spacing.ca\/montreal\/2010\/12\/05\/too-big-to-love-ipams-citizens-agora-and-the-challenge-of-regional-planning\/#primaryimage"},"thumbnailUrl":"http:\/\/spacing.ca\/network\/wp-content\/uploads\/sites\/5\/2010\/12\/carte-metro-montreal.jpg","datePublished":"2010-12-05T15:29:06+00:00","dateModified":"2013-01-21T16:41:07+00:00","author":{"@id":"https:\/\/spacing.ca\/montreal\/#\/schema\/person\/d9708edcbf411e2f340ef5149d0c8e29"},"breadcrumb":{"@id":"https:\/\/spacing.ca\/montreal\/2010\/12\/05\/too-big-to-love-ipams-citizens-agora-and-the-challenge-of-regional-planning\/#breadcrumb"},"inLanguage":"en-US","potentialAction":[{"@type":"ReadAction","target":["https:\/\/spacing.ca\/montreal\/2010\/12\/05\/too-big-to-love-ipams-citizens-agora-and-the-challenge-of-regional-planning\/"]}]},{"@type":"ImageObject","inLanguage":"en-US","@id":"https:\/\/spacing.ca\/montreal\/2010\/12\/05\/too-big-to-love-ipams-citizens-agora-and-the-challenge-of-regional-planning\/#primaryimage","url":"http:\/\/spacing.ca\/network\/wp-content\/uploads\/sites\/5\/2010\/12\/carte-metro-montreal.jpg","contentUrl":"http:\/\/spacing.ca\/network\/wp-content\/uploads\/sites\/5\/2010\/12\/carte-metro-montreal.jpg"},{"@type":"BreadcrumbList","@id":"https:\/\/spacing.ca\/montreal\/2010\/12\/05\/too-big-to-love-ipams-citizens-agora-and-the-challenge-of-regional-planning\/#breadcrumb","itemListElement":[{"@type":"ListItem","position":1,"name":"Home","item":"https:\/\/spacing.ca\/montreal\/"},{"@type":"ListItem","position":2,"name":"Too Big to Love: IPAM&#8217;s Citizen&#8217;s Agora and the Challenge of Regional Planning"}]},{"@type":"WebSite","@id":"https:\/\/spacing.ca\/montreal\/#website","url":"https:\/\/spacing.ca\/montreal\/","name":"Spacing Montreal","description":"Canadian Urbanism Uncovered  |  Montreal Architecture, Urban Design, Public Transit, City Hall, Parks, Walking, Bikes, Streetscape, History, Waterfront, Maps, Public Spaces","potentialAction":[{"@type":"SearchAction","target":{"@type":"EntryPoint","urlTemplate":"https:\/\/spacing.ca\/montreal\/?s={search_term_string}"},"query-input":{"@type":"PropertyValueSpecification","valueRequired":true,"valueName":"search_term_string"}}],"inLanguage":"en-US"},{"@type":"Person","@id":"https:\/\/spacing.ca\/montreal\/#\/schema\/person\/d9708edcbf411e2f340ef5149d0c8e29","name":"Alanah Heffez","image":{"@type":"ImageObject","inLanguage":"en-US","@id":"https:\/\/spacing.ca\/montreal\/#\/schema\/person\/image\/","url":"https:\/\/secure.gravatar.com\/avatar\/2665e638603d91eaccfcb354cbb609da?s=96&d=mm&r=g","contentUrl":"https:\/\/secure.gravatar.com\/avatar\/2665e638603d91eaccfcb354cbb609da?s=96&d=mm&r=g","caption":"Alanah Heffez"},"description":"Alanah is interested in place-making, education and stories, She was born and raised in Montreal, and mixes a passion for the city with the occasional jaunt into Northern Quebec.","sameAs":["https:\/\/spacing.ca\/montreal"],"url":"https:\/\/spacing.ca\/montreal\/author\/alanah\/"}]}},"_links":{"self":[{"href":"https:\/\/spacing.ca\/montreal\/wp-json\/wp\/v2\/posts\/8852","targetHints":{"allow":["GET"]}}],"collection":[{"href":"https:\/\/spacing.ca\/montreal\/wp-json\/wp\/v2\/posts"}],"about":[{"href":"https:\/\/spacing.ca\/montreal\/wp-json\/wp\/v2\/types\/post"}],"author":[{"embeddable":true,"href":"https:\/\/spacing.ca\/montreal\/wp-json\/wp\/v2\/users\/5022"}],"replies":[{"embeddable":true,"href":"https:\/\/spacing.ca\/montreal\/wp-json\/wp\/v2\/comments?post=8852"}],"version-history":[{"count":11,"href":"https:\/\/spacing.ca\/montreal\/wp-json\/wp\/v2\/posts\/8852\/revisions"}],"predecessor-version":[{"id":20788,"href":"https:\/\/spacing.ca\/montreal\/wp-json\/wp\/v2\/posts\/8852\/revisions\/20788"}],"wp:attachment":[{"href":"https:\/\/spacing.ca\/montreal\/wp-json\/wp\/v2\/media?parent=8852"}],"wp:term":[{"taxonomy":"category","embeddable":true,"href":"https:\/\/spacing.ca\/montreal\/wp-json\/wp\/v2\/categories?post=8852"},{"taxonomy":"post_tag","embeddable":true,"href":"https:\/\/spacing.ca\/montreal\/wp-json\/wp\/v2\/tags?post=8852"}],"curies":[{"name":"wp","href":"https:\/\/api.w.org\/{rel}","templated":true}]}}